{"id":184410,"date":"2025-12-11T17:48:11","date_gmt":"2025-12-11T17:48:11","guid":{"rendered":"https:\/\/www.europesays.com\/pt\/184410\/"},"modified":"2025-12-11T17:48:11","modified_gmt":"2025-12-11T17:48:11","slug":"mourinho-foi-desmentido-brutalmente-afinal-hjulmand-nao-e-intocavel","status":"publish","type":"post","link":"https:\/\/www.europesays.com\/pt\/184410\/","title":{"rendered":"Mourinho foi desmentido brutalmente. Afinal, Hjulmand n\u00e3o \u00e9 intoc\u00e1vel"},"content":{"rendered":"<p>Tito Arantes Fontes fez, esta quinta-feira, uso do espa\u00e7o de opini\u00e3o que assina no Jornal Sporting para tecer duras cr\u00edticas a Jos\u00e9 Mourinho, na sequ\u00eancia da declara\u00e7\u00f5es prestadas na confer\u00eancia de imprensa que se seguiu ao empate a uma bola entre Benfica e Sporting, no Est\u00e1dio da Luz, no jogo de abertura da 13.\u00aa jornada da I Liga.<\/p>\n<p>&#8220;O treinador encarnado teve o despudor de \u2013 no final do jogo \u2013 vir falar de [Morten] Hjulmand\u2026 mas saiu-lhe o tiro pela culatra! Na verdade, Mourinho foi logo \u2013 e bem! \u2013 desmentido de modo brutal pela generalidade da comunica\u00e7\u00e3o social portuguesa! Afinal Hjulmand n\u00e3o \u00e9 o tal de \u201cintoc\u00e1vel\u201d, mas isso sim o jogador mais causticado com amarelos na Liga portuguesa&#8221;, come\u00e7ou por escrever.<\/p>\n<p>&#8220;Com a verdade se calam, pois, atoardas que s\u00e3o aut\u00eanticas fal\u00e1cias sem qualquer sustenta\u00e7\u00e3o na verdade, nomeadamente na verdade desportiva (&#8230;). O treinador encarnado merece ainda nota claramente negativa pela defesa, at\u00e9 o elogio, que fez do seu jogador que fez a tal entrada dur\u00edssima sobre Geny Catamo. \u00c9 uma falta antidesportiva! N\u00e3o deve nunca merecer qualquer elogio. \u00c9 anti-futebol&#8221;, prosseguiu, referindo-se a Gianluca Prestianni.<\/p>\n<p>&#8220;Mas, como se viu, para alguns\u2026 pois, os fins \u2013 desde logo os seus fins \u2013 justificam mesmo os meios, mesmo os mais b\u00e1rbaros! E esse mesmo Mourinho merece ainda outra nota negativa pela &#8216;vers\u00e3o paralela&#8217; que quis fazer circular a prop\u00f3sito do golo do Sporting [de Pedro Gon\u00e7alves]! N\u00e3o, esse golo n\u00e3o foi nenhum &#8216;auto-golo&#8217;! Foi (&#8230;) fruto do rigor competitivo e do m\u00e9rito da equipa do Sporting, nomeadamente na recupera\u00e7\u00e3o de bola, na \u201cpress\u00e3o alta\u201d a que sujeitou \u2013 e bem! \u2013 o seu advers\u00e1rio&#8221;, completou.<\/p>\n<p>A &#8220;agressividade&#8221; colocada em pr\u00e1tica pelos encarnados tamb\u00e9m esteve na &#8216;mira&#8217; do ex-presidente do Grupo Stromp: &#8220;[Francisco] Trinc\u00e3o sofreu uma entrada dur\u00edssima. [Geovany] Quenda partiu o p\u00e9. Catamo salvou-se de les\u00e3o muito grave. Pote ficou novamente &#8216;tocado&#8217;. V\u00e1rias les\u00f5es, v\u00e1rios jogadores impedidos de ir a Munique defender as cores do Sporting, o clube mais bem classificado na Liga dos Campe\u00f5es e que segue honrando o futebol portugu\u00eas&#8221;.<\/p>\n<p>                                                    &#8220;A enorme maioria do pa\u00eds foi privada de ver o Benfica-Sporting&#8221;<\/p>\n<p>Neste mesmo artigo, Tito Arantes Fontes lamentou que o d\u00e9rbi lisboeta tenha sido transmitido, exclusivamente, pela BTV: &#8220;Como de costume, a enorme maioria do pa\u00eds foi privada de ver a partida, pois a mesma s\u00f3 passou mesmo no &#8216;circuito fechado e privativo&#8217; do clube visitado. E, obviamente, eu \u2013 como tantos milh\u00f5es de aqu\u00e9m e al\u00e9m-mar \u2013 n\u00e3o vou, n\u00e3o quero, subscrever o canal deles, feito para eles, comentado por eles&#8221;.<\/p>\n<p>&#8220;Valha a verdade nem quero olhar para esse canal. Nunca, jamais! Eu e \u2013 repito \u2013 muito boa gente, a maioria dos portugueses, desde logo muito sportinguista. \u00c9 uma singularidade bem lusitana, esta, a de se permitir que haja um clube \u2013 sempre o mesmo \u2013 que tem direito a &#8216;excentricidades&#8217; deste quilate. Enfim, coisas do nosso Portugal! Falo, pois, nesta coluna com base nos excertos que consegui apanhar nos telejornais e nalguns programas desportivos dos \u201ccanais normais\u201d, n\u00e3o &#8216;engajados&#8217;, em sinal aberto ou mediante subscri\u00e7\u00e3o&#8221;, rematou.<\/p>\n<p>Leia Tamb\u00e9m: <a href=\"https:\/\/www.noticiasaominuto.com\/desporto\/2900613\/derbi-tem-sempre-provocacao-benfica-marcou-ao-sporting-e-aconteceu-isto\" target=\"_blank\" rel=\"noopener noreferrer nofollow\">D\u00e9rbi tem sempre provoca\u00e7\u00e3o. Benfica marcou ao Sporting e aconteceu isto<\/a><\/p>\n","protected":false},"excerpt":{"rendered":"Tito Arantes Fontes fez, esta quinta-feira, uso do espa\u00e7o de opini\u00e3o que assina no Jornal Sporting para tecer&hellip;\n","protected":false},"author":2,"featured_media":184411,"comment_status":"","ping_status":"","sticky":false,"template":"","format":"standard","meta":{"footnotes":""},"categories":[87],"tags":[135,32,33,134],"class_list":{"0":"post-184410","1":"post","2":"type-post","3":"status-publish","4":"format-standard","5":"has-post-thumbnail","7":"category-desporto","8":"tag-desporto","9":"tag-portugal","10":"tag-pt","11":"tag-sports"},"share_on_mastodon":{"url":"https:\/\/pubeurope.com\/@pt\/115702196216437835","error":""},"_links":{"self":[{"href":"https:\/\/www.europesays.com\/pt\/wp-json\/wp\/v2\/posts\/184410","targetHints":{"allow":["GET"]}}],"collection":[{"href":"https:\/\/www.europesays.com\/pt\/wp-json\/wp\/v2\/posts"}],"about":[{"href":"https:\/\/www.europesays.com\/pt\/wp-json\/wp\/v2\/types\/post"}],"author":[{"embeddable":true,"href":"https:\/\/www.europesays.com\/pt\/wp-json\/wp\/v2\/users\/2"}],"replies":[{"embeddable":true,"href":"https:\/\/www.europesays.com\/pt\/wp-json\/wp\/v2\/comments?post=184410"}],"version-history":[{"count":0,"href":"https:\/\/www.europesays.com\/pt\/wp-json\/wp\/v2\/posts\/184410\/revisions"}],"wp:featuredmedia":[{"embeddable":true,"href":"https:\/\/www.europesays.com\/pt\/wp-json\/wp\/v2\/media\/184411"}],"wp:attachment":[{"href":"https:\/\/www.europesays.com\/pt\/wp-json\/wp\/v2\/media?parent=184410"}],"wp:term":[{"taxonomy":"category","embeddable":true,"href":"https:\/\/www.europesays.com\/pt\/wp-json\/wp\/v2\/categories?post=184410"},{"taxonomy":"post_tag","embeddable":true,"href":"https:\/\/www.europesays.com\/pt\/wp-json\/wp\/v2\/tags?post=184410"}],"curies":[{"name":"wp","href":"https:\/\/api.w.org\/{rel}","templated":true}]}}