{"id":184430,"date":"2025-12-11T18:06:11","date_gmt":"2025-12-11T18:06:11","guid":{"rendered":"https:\/\/www.europesays.com\/pt\/184430\/"},"modified":"2025-12-11T18:06:11","modified_gmt":"2025-12-11T18:06:11","slug":"clara-pinto-correia-exequias-realizam-se-dia-12-de-dezembro-observador","status":"publish","type":"post","link":"https:\/\/www.europesays.com\/pt\/184430\/","title":{"rendered":"Clara Pinto Correia. Ex\u00e9quias realizam-se dia 12 de dezembro \u2013 Observador"},"content":{"rendered":"<p>As cerim\u00f3nias f\u00fanebres de Clara Pinto Correia ir\u00e3o realizar-se na Capela do Rato, em Lisboa. A missa est\u00e1 marcada no dia 12 de dezembro, \u00e0s 11h00, e o vel\u00f3rio decorrer\u00e1 at\u00e9 \u00e0s 18h00. O funeral ser\u00e1 realizado em privado, apenas com a presen\u00e7a da fam\u00edlia.<\/p>\n<p>Clara Pinto Correia tinha 65 anos e foi encontrada morta na sua casa em Estremoz, no Alentejo, no dia 9 de dezembro.<\/p>\n<p>Escritora, bi\u00f3loga e professora universit\u00e1ria, Clara Pinto Correia lan\u00e7ou o romance Adeus, Princesa, quando tinha 25 anos. A obra publicada em 1985 foi muito bem recebida pela cr\u00edtica e adaptada ao cinema em 1992.<\/p>\n<blockquote class=\"wp-embedded-content\" data-secret=\"9QL9YYVe7E\">\n<p><a href=\"https:\/\/observador.pt\/2025\/12\/09\/morreu-clara-pinto-correia-escritora-tinha-65-anos\/\" rel=\"nofollow noopener\" target=\"_blank\">Morreu Clara Pinto Correia. Escritora tinha 65 anos<\/a><\/p>\n<\/blockquote>\n<p>No comunicado partilhado no site da Presid\u00eancia, Marcelo Rebelo de Sousa considerou que a escritora \u201cn\u00e3o deixou nunca ningu\u00e9m indiferente\u201d. \u201cClara Pinto Correia juntava \u00e0 alegria de viver, uma intelig\u00eancia e um brilho que se expressaram na interven\u00e7\u00e3o oral e escrita, no magist\u00e9rio cient\u00edfico e na comunica\u00e7\u00e3o com os outros\u201d, l\u00ea-se na nota.<\/p>\n<blockquote class=\"wp-embedded-content\" data-secret=\"1fXffrxKYs\">\n<p><a href=\"https:\/\/observador.pt\/especiais\/clara-pinto-correia-a-escritora-garrida-e-de-intensidade-extrema-que-acumulou-sucessos-e-polemicas-na-mesma-medida\/\" rel=\"nofollow noopener\" target=\"_blank\">Clara Pinto Correia, a escritora \u201cgarrida\u201d e de \u201cintensidade extrema\u201d que acumulou sucessos e pol\u00e9micas na mesma medida<\/a><\/p>\n<\/blockquote>\n","protected":false},"excerpt":{"rendered":"As cerim\u00f3nias f\u00fanebres de Clara Pinto Correia ir\u00e3o realizar-se na Capela do Rato, em Lisboa. A missa est\u00e1&hellip;\n","protected":false},"author":2,"featured_media":184431,"comment_status":"","ping_status":"","sticky":false,"template":"","format":"standard","meta":{"footnotes":""},"categories":[85],"tags":[114,115,1437,32,33,58,2303],"class_list":{"0":"post-184430","1":"post","2":"type-post","3":"status-publish","4":"format-standard","5":"has-post-thumbnail","7":"category-entretenimento","8":"tag-entertainment","9":"tag-entretenimento","10":"tag-morte","11":"tag-portugal","12":"tag-pt","13":"tag-sociedade","14":"tag-u00d3bito"},"share_on_mastodon":{"url":"https:\/\/pubeurope.com\/@pt\/115702266952822627","error":""},"_links":{"self":[{"href":"https:\/\/www.europesays.com\/pt\/wp-json\/wp\/v2\/posts\/184430","targetHints":{"allow":["GET"]}}],"collection":[{"href":"https:\/\/www.europesays.com\/pt\/wp-json\/wp\/v2\/posts"}],"about":[{"href":"https:\/\/www.europesays.com\/pt\/wp-json\/wp\/v2\/types\/post"}],"author":[{"embeddable":true,"href":"https:\/\/www.europesays.com\/pt\/wp-json\/wp\/v2\/users\/2"}],"replies":[{"embeddable":true,"href":"https:\/\/www.europesays.com\/pt\/wp-json\/wp\/v2\/comments?post=184430"}],"version-history":[{"count":0,"href":"https:\/\/www.europesays.com\/pt\/wp-json\/wp\/v2\/posts\/184430\/revisions"}],"wp:featuredmedia":[{"embeddable":true,"href":"https:\/\/www.europesays.com\/pt\/wp-json\/wp\/v2\/media\/184431"}],"wp:attachment":[{"href":"https:\/\/www.europesays.com\/pt\/wp-json\/wp\/v2\/media?parent=184430"}],"wp:term":[{"taxonomy":"category","embeddable":true,"href":"https:\/\/www.europesays.com\/pt\/wp-json\/wp\/v2\/categories?post=184430"},{"taxonomy":"post_tag","embeddable":true,"href":"https:\/\/www.europesays.com\/pt\/wp-json\/wp\/v2\/tags?post=184430"}],"curies":[{"name":"wp","href":"https:\/\/api.w.org\/{rel}","templated":true}]}}