{"id":184437,"date":"2025-12-11T18:19:09","date_gmt":"2025-12-11T18:19:09","guid":{"rendered":"https:\/\/www.europesays.com\/pt\/184437\/"},"modified":"2025-12-11T18:19:09","modified_gmt":"2025-12-11T18:19:09","slug":"clayton-silva-esta-a-brilhar-pelo-rio-ave-e-tem-pretendente-na-premier-league","status":"publish","type":"post","link":"https:\/\/www.europesays.com\/pt\/184437\/","title":{"rendered":"Clayton Silva est\u00e1 a brilhar pelo Rio Ave e tem pretendente na Premier League"},"content":{"rendered":"<p>&#8211; Advertisement &#8211;<\/p>\n<p><strong>Clayton Silva pode ser a pr\u00f3xima grande venda do Rio Ave. O jogador est\u00e1 a ser pretendido pelo West Ham United, emblema da Premier League.<\/strong><\/p>\n<p>O West Ham United est\u00e1 a analisar a poss\u00edvel contrata\u00e7\u00e3o de Clayton Silva, jogador que \u00e9 um dos destaques da Primeira Liga, ao servi\u00e7o do Rio Ave. A informa\u00e7\u00e3o est\u00e1 a ser avan\u00e7ada pelo Team Talk. O conjunto de Londres procura um novo goleador, de maneira a melhorar os registos ofensivos em 2025\/26.<\/p>\n<p>Clayton Silva tem 26 anos e est\u00e1 a na segunda passagem pela equipa de Vila do Conde. O brasileiro \u00e9 o melhor marcador da Primeira Liga, com 13 encontros, 10 golos marcados e tr\u00eas assist\u00eancias. O seu contrato termina no ver\u00e3o de 2029.<\/p>\n<p>O Rio Ave <a href=\"https:\/\/bolanarede.pt\/especial-bola-na-rede\/atualidade\/rio-ave-nao-facilita-no-mercado-de-transferencias-de-inverno-emblema-dos-arcos-quer-30-milhoes-pelos-seus-destaques\/\" target=\"_blank\" rel=\"noreferrer noopener nofollow\">dever\u00e1 manter o pedido de 15 milh\u00f5es de euros<\/a> para aceitar libertar Clayton Silva. A equipa pertence a Evangelos Marinakis, que tamb\u00e9m tem um emblema na Premier League, o Nottingham Forest. O West Ham United \u00e9 orientado por Nuno Esp\u00edrito Santo.<\/p>\n<blockquote class=\"twitter-tweet\" data-width=\"550\" data-dnt=\"true\">\n<p lang=\"en\" dir=\"ltr\">\ud83d\udea8 West Ham United have been watching Rio Ave&#8217;s 26-year-old Brazilian forward Clayton, who is joint top scorer in the Portuguese Primeira Liga.<\/p>\n<p>They are working hard on prospective striker options after a lack of goals has led to a battle for survival after a disappointing start\u2026 <a href=\"https:\/\/t.co\/8J1JmCrDGO\" rel=\"nofollow\">pic.twitter.com\/8J1JmCrDGO<\/a><\/p>\n<p>\u2014 Transfer News Live (@DeadlineDayLive) <a href=\"https:\/\/twitter.com\/DeadlineDayLive\/status\/1999074432254701730?ref_src=twsrc%5Etfw\" rel=\"nofollow noopener\" target=\"_blank\">December 11, 2025<\/a><\/p><\/blockquote>\n<p><script async src=\"https:\/\/platform.twitter.com\/widgets.js\" charset=\"utf-8\"><\/script><\/p>\n","protected":false},"excerpt":{"rendered":"&#8211; Advertisement &#8211; Clayton Silva pode ser a pr\u00f3xima grande venda do Rio Ave. O jogador est\u00e1 a&hellip;\n","protected":false},"author":2,"featured_media":184438,"comment_status":"","ping_status":"","sticky":false,"template":"","format":"standard","meta":{"footnotes":""},"categories":[87],"tags":[260,14829,135,478,32,479,33,134,37532],"class_list":{"0":"post-184437","1":"post","2":"type-post","3":"status-publish","4":"format-standard","5":"has-post-thumbnail","7":"category-desporto","8":"tag-atualidade","9":"tag-clayton-silva","10":"tag-desporto","11":"tag-destaques-bnr","12":"tag-portugal","13":"tag-primeira-liga","14":"tag-pt","15":"tag-sports","16":"tag-west-ham-united"},"share_on_mastodon":{"url":"https:\/\/pubeurope.com\/@pt\/115702318006066179","error":""},"_links":{"self":[{"href":"https:\/\/www.europesays.com\/pt\/wp-json\/wp\/v2\/posts\/184437","targetHints":{"allow":["GET"]}}],"collection":[{"href":"https:\/\/www.europesays.com\/pt\/wp-json\/wp\/v2\/posts"}],"about":[{"href":"https:\/\/www.europesays.com\/pt\/wp-json\/wp\/v2\/types\/post"}],"author":[{"embeddable":true,"href":"https:\/\/www.europesays.com\/pt\/wp-json\/wp\/v2\/users\/2"}],"replies":[{"embeddable":true,"href":"https:\/\/www.europesays.com\/pt\/wp-json\/wp\/v2\/comments?post=184437"}],"version-history":[{"count":0,"href":"https:\/\/www.europesays.com\/pt\/wp-json\/wp\/v2\/posts\/184437\/revisions"}],"wp:featuredmedia":[{"embeddable":true,"href":"https:\/\/www.europesays.com\/pt\/wp-json\/wp\/v2\/media\/184438"}],"wp:attachment":[{"href":"https:\/\/www.europesays.com\/pt\/wp-json\/wp\/v2\/media?parent=184437"}],"wp:term":[{"taxonomy":"category","embeddable":true,"href":"https:\/\/www.europesays.com\/pt\/wp-json\/wp\/v2\/categories?post=184437"},{"taxonomy":"post_tag","embeddable":true,"href":"https:\/\/www.europesays.com\/pt\/wp-json\/wp\/v2\/tags?post=184437"}],"curies":[{"name":"wp","href":"https:\/\/api.w.org\/{rel}","templated":true}]}}