{"id":184484,"date":"2025-12-11T19:06:07","date_gmt":"2025-12-11T19:06:07","guid":{"rendered":"https:\/\/www.europesays.com\/pt\/184484\/"},"modified":"2025-12-11T19:06:07","modified_gmt":"2025-12-11T19:06:07","slug":"impactos-da-greve-geral-foram-limitados-na-caixa-diz-cgd-contrariando-balanco-do-stec","status":"publish","type":"post","link":"https:\/\/www.europesays.com\/pt\/184484\/","title":{"rendered":"&#8220;Impactos da greve geral foram limitados na Caixa&#8221;, diz CGD contrariando balan\u00e7o do STEC"},"content":{"rendered":"<p>        Citando dados recolhidos pela Dire\u00e7\u00e3o de Recursos Humanos\u00a0 a Caixa Geral de Dep\u00f3sitos diz que 97,7% das ag\u00eancias mantiveram a sua opera\u00e7\u00e3o habitual em todo o territ\u00f3rio nacional, servindo os clientes que ali se dirigiram. No atendimento aos clientes empresarias, 100% dos Gabinetes de Empresas mantiveram a sua atividade normal. J\u00e1 o STEC fala em \u201cforte ades\u00e3o \u00e0 Greve Geral de 11 de dezembro\u201d.    <\/p>\n<p>A Caixa Geral de Dep\u00f3sitos, atrav\u00e9s de uma nota da Dire\u00e7\u00e3o de Recursos Humanos, veio dizer que \u201cos impactos da greve geral foram limitados na Caixa\u201d.<\/p>\n<p>Citando dados recolhidos pela Dire\u00e7\u00e3o de Recursos Humanos\u00a0 a Caixa Geral de Dep\u00f3sitos diz que 97,7% das ag\u00eancias mantiveram a sua opera\u00e7\u00e3o habitual em todo o territ\u00f3rio nacional, servindo os clientes que ali se dirigiram. No atendimento aos clientes empresarias, 100% dos Gabinetes de Empresas mantiveram a sua atividade normal.<\/p>\n<p>No entanto, dada a impossibilidade de desloca\u00e7\u00e3o de alguns colaboradores dos servi\u00e7os centrais, muitos asseguraram a sua atividade de forma remota. \u201cCom a progressiva digitaliza\u00e7\u00e3o que vem sendo implementada, 98,8% das opera\u00e7\u00f5es da Caixa s\u00e3o realizadas pelos canais digitais ou autom\u00e1ticos e apenas 1,2% o s\u00e3o de forma tradicional\u201d, explica o banco liderado por Paulo Macedo.<\/p>\n<p>\u201cA CGD possui, hoje, um grau de automatismo nos seus canais f\u00edsicos, com VTM em todas as nossas ag\u00eancias, que permite ao cliente fazer a generalidade das opera\u00e7\u00f5es de forma independente, durante 24 horas por dia\u201d, acrescenta.<\/p>\n<p>As declara\u00e7\u00f5es do banco contradizem as do Sindicato dos Trabalhadores da CGD. Hoje o STEC, a Organiza\u00e7\u00e3o Sindical mais representativa dos trabalhadores do Grupo CGD veio dizer em comunicado que \u201chouve uma forte ades\u00e3o \u00e0 Greve Geral de 11 de dezembro\u201d.<\/p>\n<p>\u201cA Greve Geral est\u00e1 a ser um \u00eaxito, com uma grande ades\u00e3o de trabalhadores da CGD, verificando-se a maioria das Ag\u00eancias encerradas ou com a porta fechada sem condi\u00e7\u00f5es m\u00ednimas para prestar os v\u00e1rios servi\u00e7os dentro da normalidade. J\u00e1 sabemos que para a CGD nas ag\u00eancias, a simples presen\u00e7a da Ger\u00eancia, mesmo sem efetuar transa\u00e7\u00f5es, ser\u00e1 motivo para serem estatisticamente contabilizadas como operacionais, descurando por completo todos os procedimentos internos de seguran\u00e7a. Nos v\u00e1rios servi\u00e7os, com destaque para os servi\u00e7os centrais, a atribui\u00e7\u00e3o generalizada e sem quaisquer restri\u00e7\u00f5es de Teletrabalho, est\u00e1 a ser utilizado pela CGD como dissuasor da ades\u00e3o \u00e0 greve\u201d, l\u00ea-se no comunicado do STEC.<\/p>\n<p>\u201cApesar das muitas tentativas de desmobiliza\u00e7\u00e3o os trabalhadores da CGD n\u00e3o se deixaram condicionar ou atemorizar, e a prova disso, \u00e9 a enorme ades\u00e3o que se est\u00e1 a registar, mostrando que est\u00e3o juntos na luta de todos os trabalhadores contra o Pacote Laboral, dizendo n\u00e3o ao retrocesso e \u00e0 explora\u00e7\u00e3o que as medidas ali contempladas representam\u201d, conclui o STEC.<\/p>\n<p>\u00a0<\/p>\n","protected":false},"excerpt":{"rendered":"Citando dados recolhidos pela Dire\u00e7\u00e3o de Recursos Humanos\u00a0 a Caixa Geral de Dep\u00f3sitos diz que 97,7% das ag\u00eancias&hellip;\n","protected":false},"author":2,"featured_media":184485,"comment_status":"","ping_status":"","sticky":false,"template":"","format":"standard","meta":{"footnotes":""},"categories":[83],"tags":[88,37538,8656,89,90,32,33],"class_list":{"0":"post-184484","1":"post","2":"type-post","3":"status-publish","4":"format-standard","5":"has-post-thumbnail","7":"category-empresas","8":"tag-business","9":"tag-caixa-geral-de-depositos-cgd","10":"tag-cgd","11":"tag-economy","12":"tag-empresas","13":"tag-portugal","14":"tag-pt"},"share_on_mastodon":{"url":"","error":""},"_links":{"self":[{"href":"https:\/\/www.europesays.com\/pt\/wp-json\/wp\/v2\/posts\/184484","targetHints":{"allow":["GET"]}}],"collection":[{"href":"https:\/\/www.europesays.com\/pt\/wp-json\/wp\/v2\/posts"}],"about":[{"href":"https:\/\/www.europesays.com\/pt\/wp-json\/wp\/v2\/types\/post"}],"author":[{"embeddable":true,"href":"https:\/\/www.europesays.com\/pt\/wp-json\/wp\/v2\/users\/2"}],"replies":[{"embeddable":true,"href":"https:\/\/www.europesays.com\/pt\/wp-json\/wp\/v2\/comments?post=184484"}],"version-history":[{"count":0,"href":"https:\/\/www.europesays.com\/pt\/wp-json\/wp\/v2\/posts\/184484\/revisions"}],"wp:featuredmedia":[{"embeddable":true,"href":"https:\/\/www.europesays.com\/pt\/wp-json\/wp\/v2\/media\/184485"}],"wp:attachment":[{"href":"https:\/\/www.europesays.com\/pt\/wp-json\/wp\/v2\/media?parent=184484"}],"wp:term":[{"taxonomy":"category","embeddable":true,"href":"https:\/\/www.europesays.com\/pt\/wp-json\/wp\/v2\/categories?post=184484"},{"taxonomy":"post_tag","embeddable":true,"href":"https:\/\/www.europesays.com\/pt\/wp-json\/wp\/v2\/tags?post=184484"}],"curies":[{"name":"wp","href":"https:\/\/api.w.org\/{rel}","templated":true}]}}