{"id":184488,"date":"2025-12-11T19:08:22","date_gmt":"2025-12-11T19:08:22","guid":{"rendered":"https:\/\/www.europesays.com\/pt\/184488\/"},"modified":"2025-12-11T19:08:22","modified_gmt":"2025-12-11T19:08:22","slug":"greve-deixa-avioes-em-terra-dezenas-de-voos-cancelados-nos-aeroportos","status":"publish","type":"post","link":"https:\/\/www.europesays.com\/pt\/184488\/","title":{"rendered":"Greve deixa avi\u00f5es em terra: Dezenas de voos cancelados nos aeroportos"},"content":{"rendered":"<p>A greve geral est\u00e1 a ter impacto no setor da avia\u00e7\u00e3o, j\u00e1 que h\u00e1 v\u00e1rias dezenas de voos cancelados nos aeroportos nacionais. Destaca-se o Aeroporto de Lisboa, onde h\u00e1 mais de uma centena de voos cancelados (entre chegadas e partidas).\u00a0<\/p>\n<p>No Porto, o impacto tamb\u00e9m \u00e9 vis\u00edvel. H\u00e1 seis chegadas e outras seis partidas canceladas no Aeroporto Francisco S\u00e1 Carneiro, de acordo com a informa\u00e7\u00e3o disponibilizada no site da ANA &#8211; Aeroportos de Portugal.\u00a0<\/p>\n<p>Em Faro h\u00e1 cerca de 10 chegadas canceladas e outras 10 partidas tamb\u00e9m canceladas em dia de greve geral.\u00a0<\/p>\n<p>Perante este impacto, a ANA est\u00e1 a apelar aos passageiros com voo marcado para esta quinta-feira, que verifiquem o estado da passagem antes de se dirigem para os aeroportos.\u00a0<\/p>\n<p>[Not\u00edcia em atualiza\u00e7\u00e3o]<\/p>\n","protected":false},"excerpt":{"rendered":"A greve geral est\u00e1 a ter impacto no setor da avia\u00e7\u00e3o, j\u00e1 que h\u00e1 v\u00e1rias dezenas de voos&hellip;\n","protected":false},"author":2,"featured_media":184489,"comment_status":"","ping_status":"","sticky":false,"template":"","format":"standard","meta":{"footnotes":""},"categories":[10],"tags":[27,28,15,16,14,25,26,21,22,12,13,19,20,32,23,24,33,17,18,29,30,31],"class_list":{"0":"post-184488","1":"post","2":"type-post","3":"status-publish","4":"format-standard","5":"has-post-thumbnail","7":"category-portugal","8":"tag-breaking-news","9":"tag-breakingnews","10":"tag-featured-news","11":"tag-featurednews","12":"tag-headlines","13":"tag-latest-news","14":"tag-latestnews","15":"tag-main-news","16":"tag-mainnews","17":"tag-news","18":"tag-noticias","19":"tag-noticias-principais","20":"tag-noticiasprincipais","21":"tag-portugal","22":"tag-principais-noticias","23":"tag-principaisnoticias","24":"tag-pt","25":"tag-top-stories","26":"tag-topstories","27":"tag-ultimas","28":"tag-ultimas-noticias","29":"tag-ultimasnoticias"},"share_on_mastodon":{"url":"https:\/\/pubeurope.com\/@pt\/115702510809968053","error":""},"_links":{"self":[{"href":"https:\/\/www.europesays.com\/pt\/wp-json\/wp\/v2\/posts\/184488","targetHints":{"allow":["GET"]}}],"collection":[{"href":"https:\/\/www.europesays.com\/pt\/wp-json\/wp\/v2\/posts"}],"about":[{"href":"https:\/\/www.europesays.com\/pt\/wp-json\/wp\/v2\/types\/post"}],"author":[{"embeddable":true,"href":"https:\/\/www.europesays.com\/pt\/wp-json\/wp\/v2\/users\/2"}],"replies":[{"embeddable":true,"href":"https:\/\/www.europesays.com\/pt\/wp-json\/wp\/v2\/comments?post=184488"}],"version-history":[{"count":0,"href":"https:\/\/www.europesays.com\/pt\/wp-json\/wp\/v2\/posts\/184488\/revisions"}],"wp:featuredmedia":[{"embeddable":true,"href":"https:\/\/www.europesays.com\/pt\/wp-json\/wp\/v2\/media\/184489"}],"wp:attachment":[{"href":"https:\/\/www.europesays.com\/pt\/wp-json\/wp\/v2\/media?parent=184488"}],"wp:term":[{"taxonomy":"category","embeddable":true,"href":"https:\/\/www.europesays.com\/pt\/wp-json\/wp\/v2\/categories?post=184488"},{"taxonomy":"post_tag","embeddable":true,"href":"https:\/\/www.europesays.com\/pt\/wp-json\/wp\/v2\/tags?post=184488"}],"curies":[{"name":"wp","href":"https:\/\/api.w.org\/{rel}","templated":true}]}}