{"id":184507,"date":"2025-12-11T19:21:12","date_gmt":"2025-12-11T19:21:12","guid":{"rendered":"https:\/\/www.europesays.com\/pt\/184507\/"},"modified":"2025-12-11T19:21:12","modified_gmt":"2025-12-11T19:21:12","slug":"papa-nomeia-novo-nuncio-apostolico-em-portugal-agencia-ecclesia","status":"publish","type":"post","link":"https:\/\/www.europesays.com\/pt\/184507\/","title":{"rendered":"Papa nomeia novo n\u00fancio apost\u00f3lico em Portugal \u2013 Ag\u00eancia ECCLESIA"},"content":{"rendered":"<p>D. Andr\u00e9s Carrascosa Coso, arcebispo espanhol, era representante diplom\u00e1tico no Equador desde 2017<\/p>\n<p><img fetchpriority=\"high\" decoding=\"async\" class=\"wp-image-403406 size-large\" src=\"https:\/\/www.europesays.com\/pt\/wp-content\/uploads\/2025\/12\/505999745_1240328284127341_7270848946919315710_n-1024x576.jpg\" alt=\"\" width=\"1024\" height=\"576\"   data-mwl-img-id=\"403406\"\/>Foto do perfil pessoal de D. Andr\u00e9s Carrascosa Coso<\/p>\n<p>Cidade do Vaticano, 11 dez 2025 (Ecclesia) \u2013 O Papa nomeou hoje o arcebispo espanhol D. Andr\u00e9s Carrascosa Coso, de 69 anos, como n\u00fancio apost\u00f3lico em Portugal, anunciou a sala de imprensa da Santa S\u00e9.<\/p>\n<p>O representante diplom\u00e1tico era n\u00fancio no Equador desde 2017, tendo sido antes embaixador da Santa S\u00e9 no Panam\u00e1.<\/p>\n<p>O novo n\u00fancio em Portugal nasceu em Cuenca (Espanha) a 16 de dezembro de 1955; foi ordenado sacerdote em Cuenca a 2 de julho de 1980.<\/p>\n<p>D. Andr\u00e9s Carrascosa Coso formou-se em Teologia B\u00edblica na Universidade Pontif\u00edcia Gregoriana em 1981, seguindo depois o percurso de servi\u00e7o \u00e0 diplomacia pontif\u00edcia, ao entrar na Academia Eclesi\u00e1stica Pontif\u00edcia.<\/p>\n<p>Ao servi\u00e7o da Santa S\u00e9 passou pela Nunciatura Apost\u00f3lica de Monr\u00f3via, que cobria a Lib\u00e9ria, Serra Leoa, Guin\u00e9-Conacri e G\u00e2mbia, e posteriormente foi secret\u00e1rio da Nunciatura Apost\u00f3lica de Copenhaga, acreditado junto dos governos da Dinamarca, Su\u00e9cia, Noruega, Isl\u00e2ndia e Finl\u00e2ndia.<\/p>\n<p>No pontificado de S\u00e3o Jo\u00e3o Paulo II trabalhou na Secretaria de Estado do Vaticano (Sec\u00e7\u00e3o para as Rela\u00e7\u00f5es com os Estados) antes de ser nomeado conselheiro da Miss\u00e3o da Santa S\u00e9 junto das Na\u00e7\u00f5es Unidas em Genebra (Su\u00ed\u00e7a), da Nunciatura Apost\u00f3lica no Brasil e da Nunciatura Apost\u00f3lica no Canad\u00e1.<\/p>\n<p>Al\u00e9m da sua l\u00edngua materna, fala ingl\u00eas, franc\u00eas, italiano, portugu\u00eas e alem\u00e3o.<\/p>\n<p>\u00c9 autor do livro \u2018A Santa S\u00e9 e a Confer\u00eancia sobre a Seguran\u00e7a e a Coopera\u00e7\u00e3o na Europa\u2019, publicado em Cuenca em 1990 e reeditado na Cidade do Vaticano em 1991.<\/p>\n<p>Em 2004, Jo\u00e3o Paulo II nomeou-o n\u00fancio apost\u00f3lico na Rep\u00fablica do Congo e, em 26 de agosto de 2004, N\u00fancio Apost\u00f3lico tamb\u00e9m no Gab\u00e3o.<\/p>\n<p>D. Andr\u00e9s Carrascosa Coso foi ordenado bispo na Bas\u00edlica de S\u00e3o Pedro a 7 de outubro de 2004, pelo cardeal Angelo Sodano, ent\u00e3o secret\u00e1rio de Estado do Vaticano.<\/p>\n<p>A 10 de julho de 2008, o embaixador de Espanha, Miguel Fern\u00e1ndez-Palacios, concedeu-lhe a Ordem de Isabel, a Cat\u00f3lica, a pedido do Ministro dos Neg\u00f3cios Estrangeiros, pela \u201cproximidade demonstrada aos mission\u00e1rios, em particular aos espanh\u00f3is\u201d.<\/p>\n<p>Foi nomeado n\u00fancio apost\u00f3lico no Panam\u00e1 por Bento XVI, a 12 de janeiro de 2009, antes de ser nomeado embaixador da Santa S\u00e9 no Equador pelo Papa Francisco, em 2017.<\/p>\n<p>Em nota divulgada online, a Confer\u00eancia Episcopal Equatoriana destaca o servi\u00e7o do arcebispo espanhol num \u201cpa\u00eds que amou e que percorreu in\u00fameras vezes\u201d.<\/p>\n<p>\u201cCom a mesma simplicidade, gostar\u00edamos apenas de lhe dizer \u2018obrigado\u2019 e assegurar-lhe as nossas ora\u00e7\u00f5es nesta nova e importante miss\u00e3o que empreende em nome do Papa Le\u00e3o XIV\u201d, assinalam os bispos.<\/p>\n<p>J\u00e1 D. Andr\u00e9s Carrascosa Coso recorreu \u00e0 sua conta na rede social Facebook para se despedir do pa\u00eds sul-americano.<\/p>\n<p>\u201cAp\u00f3s oito anos e meio no Equador, onde admirei a bondade do seu povo e fui acolhido com grande cordialidade, esta etapa terminou numa terra que conheci profundamente e onde me senti profundamente amado. N\u00e3o poupei esfor\u00e7os ao servi\u00e7o do pa\u00eds e da Igreja. Os 30 bispos nomeados, com as respetivas consultas alargadas ao Povo de Deus, bem como as in\u00fameras visitas \u00e0s dioceses, s\u00e3o fruto disso\u201d, escreveu.<\/p>\n<p>D. Andr\u00e9s Carrascosa Coso sucede a D. Ivo Scapolo, cuja ren\u00fancia ao cargo de n\u00fancio apost\u00f3lico em Portugal foi aceite por Le\u00e3o XIV a 23 de maio.<\/p>\n<p>O respons\u00e1vel italiano era representante diplom\u00e1tico da Santa S\u00e9 em Portugal desde 2019.<\/p>\n<p>OC<\/p>\n<blockquote class=\"wp-embedded-content\" data-secret=\"1YWXi6zFKd\">\n<p><a href=\"https:\/\/agencia.ecclesia.pt\/portal\/igreja-estado-presidente-da-republica-condecorou-nuncio-apostolico-cessante-em-portugal\/\" rel=\"nofollow noopener\" target=\"_blank\">Igreja\/Estado: Presidente da Rep\u00fablica condecorou n\u00fancio apost\u00f3lico cessante em Portugal<\/a><\/p>\n<\/blockquote>\n","protected":false},"excerpt":{"rendered":"D. Andr\u00e9s Carrascosa Coso, arcebispo espanhol, era representante diplom\u00e1tico no Equador desde 2017 Foto do perfil pessoal de&hellip;\n","protected":false},"author":2,"featured_media":184508,"comment_status":"","ping_status":"","sticky":false,"template":"","format":"standard","meta":{"footnotes":""},"categories":[50],"tags":[27,28,15,16,14,25,26,21,22,62,12,13,19,20,23,24,17,18,29,30,31,63,64,65],"class_list":{"0":"post-184507","1":"post","2":"type-post","3":"status-publish","4":"format-standard","5":"has-post-thumbnail","7":"category-mundo","8":"tag-breaking-news","9":"tag-breakingnews","10":"tag-featured-news","11":"tag-featurednews","12":"tag-headlines","13":"tag-latest-news","14":"tag-latestnews","15":"tag-main-news","16":"tag-mainnews","17":"tag-mundo","18":"tag-news","19":"tag-noticias","20":"tag-noticias-principais","21":"tag-noticiasprincipais","22":"tag-principais-noticias","23":"tag-principaisnoticias","24":"tag-top-stories","25":"tag-topstories","26":"tag-ultimas","27":"tag-ultimas-noticias","28":"tag-ultimasnoticias","29":"tag-world","30":"tag-world-news","31":"tag-worldnews"},"share_on_mastodon":{"url":"https:\/\/pubeurope.com\/@pt\/115702562076743507","error":""},"_links":{"self":[{"href":"https:\/\/www.europesays.com\/pt\/wp-json\/wp\/v2\/posts\/184507","targetHints":{"allow":["GET"]}}],"collection":[{"href":"https:\/\/www.europesays.com\/pt\/wp-json\/wp\/v2\/posts"}],"about":[{"href":"https:\/\/www.europesays.com\/pt\/wp-json\/wp\/v2\/types\/post"}],"author":[{"embeddable":true,"href":"https:\/\/www.europesays.com\/pt\/wp-json\/wp\/v2\/users\/2"}],"replies":[{"embeddable":true,"href":"https:\/\/www.europesays.com\/pt\/wp-json\/wp\/v2\/comments?post=184507"}],"version-history":[{"count":0,"href":"https:\/\/www.europesays.com\/pt\/wp-json\/wp\/v2\/posts\/184507\/revisions"}],"wp:featuredmedia":[{"embeddable":true,"href":"https:\/\/www.europesays.com\/pt\/wp-json\/wp\/v2\/media\/184508"}],"wp:attachment":[{"href":"https:\/\/www.europesays.com\/pt\/wp-json\/wp\/v2\/media?parent=184507"}],"wp:term":[{"taxonomy":"category","embeddable":true,"href":"https:\/\/www.europesays.com\/pt\/wp-json\/wp\/v2\/categories?post=184507"},{"taxonomy":"post_tag","embeddable":true,"href":"https:\/\/www.europesays.com\/pt\/wp-json\/wp\/v2\/tags?post=184507"}],"curies":[{"name":"wp","href":"https:\/\/api.w.org\/{rel}","templated":true}]}}