{"id":184509,"date":"2025-12-11T19:22:14","date_gmt":"2025-12-11T19:22:14","guid":{"rendered":"https:\/\/www.europesays.com\/pt\/184509\/"},"modified":"2025-12-11T19:22:14","modified_gmt":"2025-12-11T19:22:14","slug":"nao-ha-empresas-paradas-a-economia-real-esta-a-funcionar-garante-confederacao-empresarial","status":"publish","type":"post","link":"https:\/\/www.europesays.com\/pt\/184509\/","title":{"rendered":"&#8220;N\u00e3o h\u00e1 empresas paradas, a economia real est\u00e1 a funcionar&#8221;, garante Confedera\u00e7\u00e3o Empresarial"},"content":{"rendered":"<p class=\"category\"><a href=\"https:\/\/sicnoticias.pt\/economia\" rel=\"nofollow noopener\" target=\"_blank\">Economia<\/a><\/p>\n<p class=\"g-article-lead lead\" data-field=\"lead\">No balan\u00e7o mais recente, a CGTP revelou que \u201cmais de tr\u00eas milh\u00f5es de trabalhadores\u201d, num universo de cerca de 5,3 milh\u00f5es, aderiram \u00e0 Greve Geral desta quinta-feira. Outra \u00e9, por\u00e9m, a perspetiva do Governo e da Confedera\u00e7\u00e3o Empresarial de Portugal.<\/p>\n<p><img decoding=\"async\" src=\"https:\/\/www.europesays.com\/pt\/wp-content\/uploads\/2025\/12\/1765480934_716_original.webp\" alt=\"&quot;N\u00e3o h\u00e1 empresas paradas, a economia real est\u00e1 a funcionar&quot;, garante Confedera\u00e7\u00e3o Empresarial\"\/><\/p>\n<p>Horacio Villalobos\/Getty Images<\/p>\n<p><strong>No <\/strong><a href=\"https:\/\/sicnoticias.pt\/pais\/2025-12-11-greve-geral-os-servicos-parados-e-protestos-contra-as-alteracoes-a-lei-laboral-c12658e2\" target=\"_blank\" rel=\"noopener noreferrer nofollow\"><strong>dia da Greve Geral<\/strong><\/a><strong>, a Confedera\u00e7\u00e3o Empresarial de Portugal (CIP) assegura que \u201cn\u00e3o h\u00e1 empresas paradas\u201d e que \u201ca economia real est\u00e1 a funcionar\u201d na generalidade das empresas dos diferentes setores econ\u00f3micos.<\/strong><\/p>\n<blockquote><p>\u201c(\u2026) as faltas de trabalhadores oscilam entre os 2% e os 3%\u201d e \u201csegundo as associa\u00e7\u00f5es empresariais, as faltas devem-se mais a dificuldades com os transportes p\u00fablicos, e ao encerramento de escolas, do que a ades\u00f5es \u00e0 greve geral\u201d, sustenta a CIP, em comunicado enviado \u00e0s reda\u00e7\u00f5es.<\/p><\/blockquote>\n<p>O presidente do patr\u00e3o dos patr\u00f5es, n\u00e3o hesita em afirmar que: \u201cA economia real est\u00e1 a funcionar em todo o pa\u00eds\u201d.<\/p>\n<p>A CIP refere que confirmou ainda, \u201cjunto de empresas e de associa\u00e7\u00f5es dos diversos setores de atividade econ\u00f3mica que representa, que hoje n\u00e3o h\u00e1 empresas paradas no pa\u00eds\u201d.<\/p>\n<blockquote><p>\u201cA ronda de contactos da CIP (\u2026) abrangeu os setores da grande distribui\u00e7\u00e3o, do t\u00eaxtil, do cal\u00e7ado, da agroind\u00fastria, da ind\u00fastria farmac\u00eautica e da hospitaliza\u00e7\u00e3o privada, ind\u00fastria qu\u00edmica, ind\u00fastrias extrativas e centros comerciais, entre outros\u201d, l\u00ea-se no comunicado, que acrescenta que \u201ca maioria das poucas faltas registadas pelas empresas contactadas devem-se mais a dificuldades causadas pelos transportes p\u00fablicos, ou pelo encerramento da escola dos filhos\u201d, sublinha Armindo Monteiro.<\/p><\/blockquote>\n<p>Se a an\u00e1lise for feita setor a setor, segundo os dados recolhidos pela CIP, no setor do cal\u00e7ado, \u201co impacto da greve geral \u00e9 muito marginal, inferior a 1%\u201d, havendo duas exce\u00e7\u00f5es &#8211; empresas de capital estrangeiro &#8211; \u201cque registaram taxas de ades\u00e3o entre os 40% e 50%\u201d.<\/p>\n<p>Quanto aos resultados apurados pela Associa\u00e7\u00e3o T\u00eaxtil e Vestu\u00e1rio (ATP) de Portugal, \u201c98% das empresas tiveram zero ades\u00f5es \u00e0 greve\u201d e nas restantes 2%, \u201cas taxas de ades\u00e3o variam entre 5 a 10% dos trabalhadores\u201d.<\/p>\n<p>Outros s\u00e3o, por\u00e9m, os n\u00fameros apresentados pela CGTP ao in\u00edcio da tarde desta quinta-feira e que d\u00e3o conta de uma forte ades\u00e3o a rondar \u201cmais de tr\u00eas milh\u00f5es de trabalhadores\u201d num universo de cerca de 5,3 milh\u00f5es.<\/p>\n","protected":false},"excerpt":{"rendered":"Economia No balan\u00e7o mais recente, a CGTP revelou que \u201cmais de tr\u00eas milh\u00f5es de trabalhadores\u201d, num universo de&hellip;\n","protected":false},"author":2,"featured_media":184510,"comment_status":"","ping_status":"","sticky":false,"template":"","format":"standard","meta":{"footnotes":""},"categories":[10],"tags":[27,28,15,16,14,25,26,21,22,12,13,19,20,32,23,24,33,17,18,29,30,31],"class_list":{"0":"post-184509","1":"post","2":"type-post","3":"status-publish","4":"format-standard","5":"has-post-thumbnail","7":"category-portugal","8":"tag-breaking-news","9":"tag-breakingnews","10":"tag-featured-news","11":"tag-featurednews","12":"tag-headlines","13":"tag-latest-news","14":"tag-latestnews","15":"tag-main-news","16":"tag-mainnews","17":"tag-news","18":"tag-noticias","19":"tag-noticias-principais","20":"tag-noticiasprincipais","21":"tag-portugal","22":"tag-principais-noticias","23":"tag-principaisnoticias","24":"tag-pt","25":"tag-top-stories","26":"tag-topstories","27":"tag-ultimas","28":"tag-ultimas-noticias","29":"tag-ultimasnoticias"},"share_on_mastodon":{"url":"https:\/\/pubeurope.com\/@pt\/115702566203261784","error":""},"_links":{"self":[{"href":"https:\/\/www.europesays.com\/pt\/wp-json\/wp\/v2\/posts\/184509","targetHints":{"allow":["GET"]}}],"collection":[{"href":"https:\/\/www.europesays.com\/pt\/wp-json\/wp\/v2\/posts"}],"about":[{"href":"https:\/\/www.europesays.com\/pt\/wp-json\/wp\/v2\/types\/post"}],"author":[{"embeddable":true,"href":"https:\/\/www.europesays.com\/pt\/wp-json\/wp\/v2\/users\/2"}],"replies":[{"embeddable":true,"href":"https:\/\/www.europesays.com\/pt\/wp-json\/wp\/v2\/comments?post=184509"}],"version-history":[{"count":0,"href":"https:\/\/www.europesays.com\/pt\/wp-json\/wp\/v2\/posts\/184509\/revisions"}],"wp:featuredmedia":[{"embeddable":true,"href":"https:\/\/www.europesays.com\/pt\/wp-json\/wp\/v2\/media\/184510"}],"wp:attachment":[{"href":"https:\/\/www.europesays.com\/pt\/wp-json\/wp\/v2\/media?parent=184509"}],"wp:term":[{"taxonomy":"category","embeddable":true,"href":"https:\/\/www.europesays.com\/pt\/wp-json\/wp\/v2\/categories?post=184509"},{"taxonomy":"post_tag","embeddable":true,"href":"https:\/\/www.europesays.com\/pt\/wp-json\/wp\/v2\/tags?post=184509"}],"curies":[{"name":"wp","href":"https:\/\/api.w.org\/{rel}","templated":true}]}}