{"id":184511,"date":"2025-12-11T19:23:16","date_gmt":"2025-12-11T19:23:16","guid":{"rendered":"https:\/\/www.europesays.com\/pt\/184511\/"},"modified":"2025-12-11T19:23:16","modified_gmt":"2025-12-11T19:23:16","slug":"benfica-e-sporting-conhecem-sexta-feira-adversarios-na-youth-league","status":"publish","type":"post","link":"https:\/\/www.europesays.com\/pt\/184511\/","title":{"rendered":"Benfica e Sporting conhecem sexta-feira advers\u00e1rios na Youth League"},"content":{"rendered":"<p>O sorteio dos 16 avos de final da <a class=\"autolink-enabled\" data-resource-id=\"552\" data-resource-type=\"competition\" data-sport=\"football\" href=\"https:\/\/www.abola.pt\/futebol\/competicao\/uefa-youth-league-552\" rel=\"nofollow noopener\" target=\"_blank\">UEFA Youth League<\/a> realiza-se esta sexta-feira, 12 de dezembro, na sede da UEFA, em Nyon, a partir das 14h30.<\/p>\n<p>O &#8216;top&#8217;-6 da fase de liga, onde se inclui o <a class=\"autolink-enabled\" data-resource-id=\"16062\" data-resource-type=\"team\" data-sport=\"football\" href=\"https:\/\/www.abola.pt\/futebol\/benfica-sub-19-16062\" rel=\"nofollow noopener\" target=\"_blank\">Benfica<\/a> \u2014 acabou no 2.\u00ba lugar, com 15 pontos (cinco vit\u00f3rias e uma derrota), um atr\u00e1s do Chelsea \u2014, vai jogar em casa (a eliminat\u00f3ria \u00e9 apenas a uma m\u00e3o) contra um dos clubes que terminou a primeira fase entre o 17.\u00ba e o 22.\u00ba lugares: Leverkusen, M\u00f3naco, PSV, Slavia Praga, Eintracht Frankfurt ou Marselha.<\/p>\n<p>J\u00e1 os clubes que terminaram a fase de liga entre o 7.\u00ba e o 16.\u00ba lugares, entre eles o <a class=\"autolink-enabled\" data-resource-id=\"15233\" data-resource-type=\"team\" data-sport=\"football\" href=\"https:\/\/www.abola.pt\/futebol\/sporting-sub-19-15233\" rel=\"nofollow noopener\" target=\"_blank\">Sporting<\/a> (12.\u00ba, com 12 pontos, correspondentes a tr\u00eas vit\u00f3rias e tr\u00eas empates), v\u00e3o jogar fora, contra um dos dez apurados da fase dos campe\u00f5es: Betis (que esmagou o <a class=\"autolink-enabled\" data-resource-id=\"16370\" data-resource-type=\"team\" data-sport=\"football\" href=\"https:\/\/www.abola.pt\/futebol\/fc-porto-sub-19-16370\" rel=\"nofollow noopener\" target=\"_blank\">FC Porto<\/a>), D\u00ednamo Minsk, Maccabi Haifa, Zilina, Col\u00f3nia, HJK Hels\u00ednquia, Legia Vars\u00f3via, Pusk\u00e1s Akademia, D\u00ednamo Kiev ou AZ Alkmaar.<\/p>\n<p>Os jogos dos 16 avos de final est\u00e3o previstos para 3 e 4 de fevereiro. A 6 realiza-se o sorteio a partir dos oitavos, sempre com eliminat\u00f3rias a uma m\u00e3o.<\/p>\n","protected":false},"excerpt":{"rendered":"O sorteio dos 16 avos de final da UEFA Youth League realiza-se esta sexta-feira, 12 de dezembro, na&hellip;\n","protected":false},"author":2,"featured_media":184512,"comment_status":"","ping_status":"","sticky":false,"template":"","format":"standard","meta":{"footnotes":""},"categories":[8],"tags":[27,28,15,16,14,25,26,21,22,12,13,19,20,32,23,24,33,17,18,29,30,31],"class_list":{"0":"post-184511","1":"post","2":"type-post","3":"status-publish","4":"format-standard","5":"has-post-thumbnail","7":"category-principais-noticias","8":"tag-breaking-news","9":"tag-breakingnews","10":"tag-featured-news","11":"tag-featurednews","12":"tag-headlines","13":"tag-latest-news","14":"tag-latestnews","15":"tag-main-news","16":"tag-mainnews","17":"tag-news","18":"tag-noticias","19":"tag-noticias-principais","20":"tag-noticiasprincipais","21":"tag-portugal","22":"tag-principais-noticias","23":"tag-principaisnoticias","24":"tag-pt","25":"tag-top-stories","26":"tag-topstories","27":"tag-ultimas","28":"tag-ultimas-noticias","29":"tag-ultimasnoticias"},"share_on_mastodon":{"url":"https:\/\/pubeurope.com\/@pt\/115702569744734561","error":""},"_links":{"self":[{"href":"https:\/\/www.europesays.com\/pt\/wp-json\/wp\/v2\/posts\/184511","targetHints":{"allow":["GET"]}}],"collection":[{"href":"https:\/\/www.europesays.com\/pt\/wp-json\/wp\/v2\/posts"}],"about":[{"href":"https:\/\/www.europesays.com\/pt\/wp-json\/wp\/v2\/types\/post"}],"author":[{"embeddable":true,"href":"https:\/\/www.europesays.com\/pt\/wp-json\/wp\/v2\/users\/2"}],"replies":[{"embeddable":true,"href":"https:\/\/www.europesays.com\/pt\/wp-json\/wp\/v2\/comments?post=184511"}],"version-history":[{"count":0,"href":"https:\/\/www.europesays.com\/pt\/wp-json\/wp\/v2\/posts\/184511\/revisions"}],"wp:featuredmedia":[{"embeddable":true,"href":"https:\/\/www.europesays.com\/pt\/wp-json\/wp\/v2\/media\/184512"}],"wp:attachment":[{"href":"https:\/\/www.europesays.com\/pt\/wp-json\/wp\/v2\/media?parent=184511"}],"wp:term":[{"taxonomy":"category","embeddable":true,"href":"https:\/\/www.europesays.com\/pt\/wp-json\/wp\/v2\/categories?post=184511"},{"taxonomy":"post_tag","embeddable":true,"href":"https:\/\/www.europesays.com\/pt\/wp-json\/wp\/v2\/tags?post=184511"}],"curies":[{"name":"wp","href":"https:\/\/api.w.org\/{rel}","templated":true}]}}