{"id":184519,"date":"2025-12-11T19:30:11","date_gmt":"2025-12-11T19:30:11","guid":{"rendered":"https:\/\/www.europesays.com\/pt\/184519\/"},"modified":"2025-12-11T19:30:11","modified_gmt":"2025-12-11T19:30:11","slug":"minala-lembra-se-desabafa-tenho-29-anos-como-e-que-ninguem-acredita","status":"publish","type":"post","link":"https:\/\/www.europesays.com\/pt\/184519\/","title":{"rendered":"Minala (lembra-se?) desabafa: \u00abTenho 29 anos, como \u00e9 que ningu\u00e9m acredita?\u00bb"},"content":{"rendered":"<p style=\"margin-bottom:11px\">Joseph Minala, lembra-se? O m\u00e9dio camaron\u00eas que se estreou na Serie A pela Lazio em 2014, ent\u00e3o com 17 anos, pese embora as d\u00favidas em torno da sua idade? Aos 29 anos, idade que continua a garantir ser verdadeira, joga em Malta e diz ter sido \u00abamea\u00e7ado e chantageado\u00bb pela pol\u00e9mica que marcou a sua carreira.<\/p>\n<p>Natural dos Camar\u00f5es, Minala mudou-se para It\u00e1lia aos 15 anos, ap\u00f3s ter sido descoberto num torneio juvenil do seu pa\u00eds. Acabou enganado pela pessoa que tratou da sua viagem para Roma, ficou \u00abhoras sozinho na esta\u00e7\u00e3o de comboios\u00bb at\u00e9 que decidiu contar tudo \u00e0 pol\u00edcia.<\/p>\n<p>Quando pensava que ia regressar aos Camar\u00f5es, foi entregue a uma fam\u00edlia de acolhimento. Ficou em Roma, aprendeu a fazer pizzas e a tratar da relva, ganhando 20 euros por cada servi\u00e7o, mas nunca perdeu o sonho de ser futebolista.<\/p>\n<p>Foi rejeitado por v\u00e1rios clubes, entre os quais o Milan, o Inter e o N\u00e1poles, onde treinou praticamente durante um ano. Acabaria por ficar na Lazio, ao servi\u00e7o da qual se estreou na Serie A, em 2014, aos 17 anos.<\/p>\n<p>\u00abUm presente de Deus\u00bb, confessou Minala em entrevista \u00e0 Gazzetta dello Sport, que rapidamente se transformou num inferno. <a href=\"https:\/\/maisfutebol.iol.pt\/so-17-anos-a-lazio-garante-que-sim\" target=\"_blank\" rel=\"nofollow noopener\">Tudo pelas d\u00favidas criadas em torno da sua idade<\/a>, que muitos acreditavam ser superior \u00e0 que declarava ter.<\/p>\n<p><a href=\"https:\/\/maisfutebol.iol.pt\/internacional\/minala-confirmado\/federacao-italiana-confirma-que-minala-tem-mesmo-17-anos\" target=\"_blank\" rel=\"nofollow noopener\">Nem a confirma\u00e7\u00e3o pela Federa\u00e7\u00e3o Italiana de Futebol de que Minala tinha mesmo 17 anos<\/a> fez esfumar a pol\u00e9mica. \u00abMassacraram-me, destru\u00edram-me, humilharam-me. Foi um ataque direcionado\u00bb, acredita o jogador.<\/p>\n<p>\u00abO rumor foi espalhado por uma pessoa que costumava cuidar de mim. Um site no Senegal, que depois foi apagado, inventou not\u00edcias sobre eu ter 42 anos. As pessoas come\u00e7aram a fazer montagens fotogr\u00e1ficas e a gozarem-me. Poucos o sabem, mas nessa altura fui amea\u00e7ado e chantageado por pessoas em quem confiava. Estava s\u00f3 e desprotegido, ningu\u00e9m me defendeu\u00bb, lamenta o jogador.<\/p>\n<p>Aos poucos, as portas em It\u00e1lia foram-se fechando, at\u00e9 que se mudou para a China, primeiro, a Let\u00f3nia, depois, e, por fim, para Malta, onde ainda hoje joga, no Marsaxlokk.<\/p>\n<p>\u00abSei que n\u00e3o sou um fen\u00f3meno, mas quando me deram uma oportunidade mostrei sempre que sou um elemento com valor\u00bb, nota Minala, antes de rematar: \u00abN\u00e3o sou uma m\u00e1 pessoa. Tenho 29 anos, nasci no dia 24 de agosto de 1996. Como \u00e9 que ningu\u00e9m acredita nisso?\u00bb<\/p>\n","protected":false},"excerpt":{"rendered":"Joseph Minala, lembra-se? O m\u00e9dio camaron\u00eas que se estreou na Serie A pela Lazio em 2014, ent\u00e3o com&hellip;\n","protected":false},"author":2,"featured_media":184520,"comment_status":"","ping_status":"","sticky":false,"template":"","format":"standard","meta":{"footnotes":""},"categories":[87],"tags":[17807,135,82,233,37540,27614,1356,46,7872,37541,2771,32,33,47,134],"class_list":{"0":"post-184519","1":"post","2":"type-post","3":"status-publish","4":"format-standard","5":"has-post-thumbnail","7":"category-desporto","8":"tag-camaroes","9":"tag-desporto","10":"tag-internacional","11":"tag-italia","12":"tag-joseph-minala","13":"tag-lazio","14":"tag-mais-futebol","15":"tag-maisfutebol","16":"tag-malta","17":"tag-marsaxlokk","18":"tag-polemica","19":"tag-portugal","20":"tag-pt","21":"tag-pura-paixao","22":"tag-sports"},"share_on_mastodon":{"url":"https:\/\/pubeurope.com\/@pt\/115702597558757046","error":""},"_links":{"self":[{"href":"https:\/\/www.europesays.com\/pt\/wp-json\/wp\/v2\/posts\/184519","targetHints":{"allow":["GET"]}}],"collection":[{"href":"https:\/\/www.europesays.com\/pt\/wp-json\/wp\/v2\/posts"}],"about":[{"href":"https:\/\/www.europesays.com\/pt\/wp-json\/wp\/v2\/types\/post"}],"author":[{"embeddable":true,"href":"https:\/\/www.europesays.com\/pt\/wp-json\/wp\/v2\/users\/2"}],"replies":[{"embeddable":true,"href":"https:\/\/www.europesays.com\/pt\/wp-json\/wp\/v2\/comments?post=184519"}],"version-history":[{"count":0,"href":"https:\/\/www.europesays.com\/pt\/wp-json\/wp\/v2\/posts\/184519\/revisions"}],"wp:featuredmedia":[{"embeddable":true,"href":"https:\/\/www.europesays.com\/pt\/wp-json\/wp\/v2\/media\/184520"}],"wp:attachment":[{"href":"https:\/\/www.europesays.com\/pt\/wp-json\/wp\/v2\/media?parent=184519"}],"wp:term":[{"taxonomy":"category","embeddable":true,"href":"https:\/\/www.europesays.com\/pt\/wp-json\/wp\/v2\/categories?post=184519"},{"taxonomy":"post_tag","embeddable":true,"href":"https:\/\/www.europesays.com\/pt\/wp-json\/wp\/v2\/tags?post=184519"}],"curies":[{"name":"wp","href":"https:\/\/api.w.org\/{rel}","templated":true}]}}