{"id":184527,"date":"2025-12-11T19:37:09","date_gmt":"2025-12-11T19:37:09","guid":{"rendered":"https:\/\/www.europesays.com\/pt\/184527\/"},"modified":"2025-12-11T19:37:09","modified_gmt":"2025-12-11T19:37:09","slug":"zelensky-considera-referendo-e-saida-do-donbas-sugerida-pelos-eua","status":"publish","type":"post","link":"https:\/\/www.europesays.com\/pt\/184527\/","title":{"rendered":"Zelensky considera referendo e sa\u00edda do Donbas sugerida pelos EUA"},"content":{"rendered":"<p>O Presidente ucraniano, Volodymyr Zelensky, admitiu pela primeira vez, nesta quinta-feira, 11 de dezembro, a <strong>possibilidade de realizar um referendo para decidir sobre a ced\u00eancia de territ\u00f3rios \u00e0 R\u00fassia, sublinhando que a popula\u00e7\u00e3o ucraniana &#8220;deve ter voz&#8221; na decis\u00e3o.<\/strong><\/p>\n<p>Esta \u00e9 uma mudan\u00e7a de postura do l\u00edder ucraniano, que at\u00e9 ao momento sempre rejeitou publicamente a possibilidade de ceder territ\u00f3rios aos russos, uma das exig\u00eancias de Vladimir Putin para por fim ao conflito.<\/p>\n<p>Zelensky confirmou ter entregado aos Estados Unidos uma vers\u00e3o atualizada do plano de paz para a Ucr\u00e2nia, que inclui 20 pontos e cont\u00e9m propostas sobre seguran\u00e7a, reconstru\u00e7\u00e3o do territ\u00f3rio e um Ex\u00e9rcito com at\u00e9 800 mil soldados. <\/p>\n<p><strong>Segundo o l\u00edder ucraniano, a administra\u00e7\u00e3o Trump prop\u00f4s a cria\u00e7\u00e3o de uma \u201czona econ\u00f3mica livre\u201d no Donbas, \u00e1rea da qual os norte-americanos sugerem que Kiev se retire. Acrescentou ainda que est\u00e3o a ser discutidas ainda retiradas russas de zonas em Kharkiv, Sumy e Dnipro, segundo avan\u00e7a a SkyNews.<\/strong><\/p>\n<p>O presidente ucraniano negou a exist\u00eancia de um prazo de Natal para concess\u00f5es, afirmando que os EUA apenas querem \u201cum entendimento sobre o estatuto\u201d das regi\u00f5es.<\/p>\n<p>L\u00edderes europeus t\u00eam refor\u00e7ado nos \u00faltimos tempos que s\u00f3 o governo ucraniano pode decidir sobre o seu territ\u00f3rio, enquanto a \u201cColiga\u00e7\u00e3o dos Dispostos\u201d, que re\u00fane pa\u00edses europeus dispostos a ajudar a Ucr\u00e2nia, analisa esta quinta-feira o progresso das negocia\u00e7\u00f5es.<\/p>\n","protected":false},"excerpt":{"rendered":"O Presidente ucraniano, Volodymyr Zelensky, admitiu pela primeira vez, nesta quinta-feira, 11 de dezembro, a possibilidade de realizar&hellip;\n","protected":false},"author":2,"featured_media":184528,"comment_status":"","ping_status":"","sticky":false,"template":"","format":"standard","meta":{"footnotes":"","_share_on_mastodon":"0"},"categories":[50],"tags":[27,28,15,16,889,14,25,26,21,22,62,12,13,19,20,23,24,35982,37542,17,18,29,30,31,63,64,65,3814],"class_list":["post-184527","post","type-post","status-publish","format-standard","has-post-thumbnail","category-mundo","tag-breaking-news","tag-breakingnews","tag-featured-news","tag-featurednews","tag-guerra-na-ucrania","tag-headlines","tag-latest-news","tag-latestnews","tag-main-news","tag-mainnews","tag-mundo","tag-news","tag-noticias","tag-noticias-principais","tag-noticiasprincipais","tag-principais-noticias","tag-principaisnoticias","tag-referendo","tag-territorios","tag-top-stories","tag-topstories","tag-ultimas","tag-ultimas-noticias","tag-ultimasnoticias","tag-world","tag-world-news","tag-worldnews","tag-zelensky"],"share_on_mastodon":{"url":"https:\/\/pubeurope.com\/@pt\/115702624627980580","error":""},"_links":{"self":[{"href":"https:\/\/www.europesays.com\/pt\/wp-json\/wp\/v2\/posts\/184527","targetHints":{"allow":["GET"]}}],"collection":[{"href":"https:\/\/www.europesays.com\/pt\/wp-json\/wp\/v2\/posts"}],"about":[{"href":"https:\/\/www.europesays.com\/pt\/wp-json\/wp\/v2\/types\/post"}],"author":[{"embeddable":true,"href":"https:\/\/www.europesays.com\/pt\/wp-json\/wp\/v2\/users\/2"}],"replies":[{"embeddable":true,"href":"https:\/\/www.europesays.com\/pt\/wp-json\/wp\/v2\/comments?post=184527"}],"version-history":[{"count":0,"href":"https:\/\/www.europesays.com\/pt\/wp-json\/wp\/v2\/posts\/184527\/revisions"}],"wp:featuredmedia":[{"embeddable":true,"href":"https:\/\/www.europesays.com\/pt\/wp-json\/wp\/v2\/media\/184528"}],"wp:attachment":[{"href":"https:\/\/www.europesays.com\/pt\/wp-json\/wp\/v2\/media?parent=184527"}],"wp:term":[{"taxonomy":"category","embeddable":true,"href":"https:\/\/www.europesays.com\/pt\/wp-json\/wp\/v2\/categories?post=184527"},{"taxonomy":"post_tag","embeddable":true,"href":"https:\/\/www.europesays.com\/pt\/wp-json\/wp\/v2\/tags?post=184527"}],"curies":[{"name":"wp","href":"https:\/\/api.w.org\/{rel}","templated":true}]}}