{"id":184603,"date":"2025-12-11T20:44:13","date_gmt":"2025-12-11T20:44:13","guid":{"rendered":"https:\/\/www.europesays.com\/pt\/184603\/"},"modified":"2025-12-11T20:44:13","modified_gmt":"2025-12-11T20:44:13","slug":"jovem-pan-fm-estreia-em-campos-dos-goytacazes-rj-troca-de-canal-em-cuiaba-mt-e-marca-data-para-araraquara-sp","status":"publish","type":"post","link":"https:\/\/www.europesays.com\/pt\/184603\/","title":{"rendered":"Jovem Pan FM estreia em Campos dos Goytacazes (RJ), troca de canal em Cuiab\u00e1 (MT) e marca data para Araraquara (SP)"},"content":{"rendered":"<p>A <strong>Rede Jovem Pan FM<\/strong> segue movimentada em sua expans\u00e3o nesta reta final de 2025. De acordo com o que apurou o <strong>tudoradio.com<\/strong>, a rede marcou a data para a estreia da<strong> Jovem Pan FM 99.5 de Araraquara<\/strong>, no interior paulista, prevista para o dia 22 deste m\u00eas. Antes, amanh\u00e3 (12), acontecer\u00e1 a inaugura\u00e7\u00e3o da <strong>Jovem Pan FM 96.5 de Campos dos Goytacazes (RJ)<\/strong> e, na pr\u00f3xima semana, haver\u00e1 a consolida\u00e7\u00e3o do <strong>novo porte t\u00e9cnico da Jovem Pan FM em Cuiab\u00e1 (MT)<\/strong>, que trocar\u00e1 de frequ\u00eancia, passando de 90.9 FM para 96.7 FM. Existe ainda <strong>a expans\u00e3o pelo Rio de Janeiro<\/strong>, prevista para o in\u00edcio de janeiro.<\/p>\n<p><strong>Mudan\u00e7a de canal em Cuiab\u00e1<\/strong><\/p>\n<p>A <strong>nova troca de frequ\u00eancia da Jovem Pan FM em Cuiab\u00e1 (MT) \u00e9 fruto da consolida\u00e7\u00e3o de um novo porte t\u00e9cnico da atual afiliada<\/strong>, que hoje opera em 90.9 FM e parte com seu sinal da Chapada dos Guimar\u00e3es. Historicamente, a parceria da rede na capital mato-grossense operava em FM 93.3 desde 8 de maio de 2006, mas teve que sair do canal no final de 2021, mantendo a afilia\u00e7\u00e3o da Jovem Pan FM na cidade <a href=\"https:\/\/tudoradio.com\/noticias\/ver\/26627-jovem-pan-fm-confirma-permanencia-em-cuiaba-mt-e-passa-a-operar-em-novo-canal\" rel=\"nofollow noopener\" target=\"_blank\"><strong>ao assumir a 94.9 FM da Chapada dos Guimar\u00e3es<\/strong><\/a>. Na sequ\u00eancia, em dezembro de 2023, houve <a href=\"https:\/\/tudoradio.com\/noticias\/ver\/30482-jovem-pan-fm-muda-de-canal-neste-sabado-23-em-cuiaba-mt\" rel=\"nofollow noopener\" target=\"_blank\"><strong>uma nova mudan\u00e7a para a 90.9 FM<\/strong><\/a>, partindo da mesma cidade.<\/p>\n<p>Em 90.9 FM, a emissora apresenta sombras em seu sinal por causa da presen\u00e7a da Cultura FM 90.7 de Cuiab\u00e1. Por\u00e9m, agora, com a mudan\u00e7a prevista para a <strong>pr\u00f3xima segunda-feira (15), a afiliada passar\u00e1 a operar em 96.7 FM, resultado do aumento de pot\u00eancia da atual esta\u00e7\u00e3o<\/strong>. A emissora ir\u00e1 da classe C para A1, passando a cobrir integralmente a capital mato-grossense. Essa informa\u00e7\u00e3o j\u00e1 havia sido antecipada pelo <a href=\"https:\/\/tudoradio.com\/noticias\/ver\/34101-mapa-da-atualizacao-tudoradiocom-novembro-de-2025\" rel=\"nofollow noopener\" target=\"_blank\"><strong>Mapa da Atualiza\u00e7\u00e3o do tudoradio.com<\/strong><\/a> no m\u00eas de novembro.<\/p>\n<p style=\"text-align:center\"><img decoding=\"async\" alt=\"\" src=\"https:\/\/www.europesays.com\/pt\/wp-content\/uploads\/2025\/12\/693af5771129c.png\" style=\"height:450px; width:450px\" \/><br \/>&#13;<br \/>\nLogotipo da Jovem Pan FM Cuiab\u00e1 em novo canal\u00a0<\/p>\n<p><strong>Reestreia em Araraquara<\/strong><\/p>\n<p>Prevista desde o primeiro semestre deste ano, a <a href=\"https:\/\/tudoradio.com\/noticias\/ver\/33202-jovem-pan-fm-e-classic-pan-expandem-suas-redes-com-afiliadas-em-araraquara-sp\" rel=\"nofollow noopener\" target=\"_blank\"><strong>Jovem Pan FM 99.5 de Araraquara \u00e9 fruto do processo de mudan\u00e7a de canal da FM 107.5<\/strong><\/a>, do Sistema de Comunica\u00e7\u00e3o Roberto Montoro. A 99.5 FM j\u00e1 est\u00e1 no ar de forma experimental desde o final de novembro e, a partir do dia 22, ser\u00e1 integrada \u00e0 Rede Jovem Pan FM. Vale lembrar que esse mesmo grupo de comunica\u00e7\u00e3o promoveu a entrada da <a href=\"https:\/\/tudoradio.com\/noticias\/ver\/33202-jovem-pan-fm-e-classic-pan-expandem-suas-redes-com-afiliadas-em-araraquara-sp\" rel=\"nofollow noopener\" target=\"_blank\"><strong>Classic Pan FM 101.3 em Araraquara<\/strong><\/a>, rede de formato adulto-contempor\u00e2neo do Grupo Jovem Pan.<\/p>\n<p>Araraquara \u00e9 um dos principais polos econ\u00f4micos e populacionais do interior de S\u00e3o Paulo. A cidade j\u00e1 sediou uma afiliada da Jovem Pan FM entre 1997 e 2018, por meio de parceria com o Grupo EP, na frequ\u00eancia 95.7 FM. Desde ent\u00e3o, o sinal da rede jovem\/pop segue pr\u00f3ximo \u00e0 regi\u00e3o por meio das afiliadas <a href=\"https:\/\/tudoradio.com\/noticias\/ver\/34154-band-fm-confirma-retorno-a-regiao-de-araraquara-sp-e-realiza-convencao-nacional-de-sua-rede\" rel=\"nofollow noopener\" target=\"_blank\"><strong>Jovem Pan FM 88.1 de Mat\u00e3o<\/strong><\/a> (que deixar\u00e1 a rede no pr\u00f3ximo dia 18) e Jovem Pan FM 88.5 de S\u00e3o Carlos.<\/p>\n<p><strong>Chegada a Campos dos Goytacazes<\/strong><\/p>\n<p>Amanh\u00e3 (12) ocorrer\u00e1 <a href=\"https:\/\/tudoradio.com\/noticias\/ver\/34137-jovem-pan-fm-inicia-expansao-pelo-rio-de-janeiro-na-proxima-sexta-feira-12-rede-chega-a-campos-dos-goytacazes\" rel=\"nofollow noopener\" target=\"_blank\"><strong>a implanta\u00e7\u00e3o da Jovem Pan FM 96.5 de Campos dos Goytacazes<\/strong><\/a>, marcando a estreia da rede de formato jovem\/pop na cidade mais populosa do interior fluminense. A inaugura\u00e7\u00e3o marcar\u00e1 o in\u00edcio de uma expans\u00e3o das marcas Jovem Pan FM e Jovem Pan News (jornalismo\/esportes) pelo Rio de Janeiro. O Norte Fluminense tamb\u00e9m receber\u00e1 a rede jornal\u00edstica em seu dial FM. Os outros mercados que receber\u00e3o afiliadas da Jovem Pan ser\u00e3o Volta Redonda e a capital.<\/p>\n<p>Conforme j\u00e1 noticiado pelo <strong>tudoradio.com<\/strong>, <strong>a estreia da Jovem Pan FM de Campos dos Goytacazes est\u00e1 prevista para \u00e0s 12h00<\/strong> desta sexta-feira (12), na abertura nacional do Programa P\u00e2nico. A futura afiliada da Jovem Pan FM em Campos dos Goytacazes \u00e9 fruto do processo de migra\u00e7\u00e3o AM-FM da R\u00e1dio Absoluta AM 1470.<\/p>\n<p>Depois, possivelmente no dia 10 de janeiro, Campos dos Goytacazes tamb\u00e9m ser\u00e1 sede de outra afiliada de rede do Grupo Jovem Pan: est\u00e1 prevista a implanta\u00e7\u00e3o da <strong>Jovem Pan News FM 91.9<\/strong>, conforme j\u00e1 antecipado pelo <strong>tudoradio.com<\/strong>. A afiliada ser\u00e1 identificada como \u201c<strong>Jovem Pan News Norte Fluminense<\/strong>\u201d, fruto do processo de amplia\u00e7\u00e3o t\u00e9cnica da atual FM 93.9, concess\u00e3o hoje sediada na cidade de S\u00e3o Fid\u00e9lis.<\/p>\n<p style=\"text-align:center\"><img decoding=\"async\" alt=\"\" src=\"https:\/\/www.europesays.com\/pt\/wp-content\/uploads\/2025\/12\/6936e3f86fa47.jpg\" style=\"height:499px; width:450px\" \/><br \/>&#13;<br \/>\nExpectativa de chegada da Jovem Pan FM \u00e0 Campos dos Goytacazes \/ redes sociais<\/p>\n<p><strong>Pr\u00f3ximos passos da expans\u00e3o pelo Rio<\/strong><\/p>\n<p>Al\u00e9m de Campos dos Goytacazes, <a href=\"https:\/\/tudoradio.com\/noticias\/ver\/34106-jovem-pan-fm-e-jovem-pan-news-devem-inaugurar-afiliadas-no-rio-de-janeiro-capital-recebe-as-duas-redes\" rel=\"nofollow noopener\" target=\"_blank\"><strong>as duas redes do Grupo Jovem Pan t\u00eam outras estreias previstas para o territ\u00f3rio fluminense<\/strong><\/a>. No dia <strong>10 de janeiro<\/strong>, est\u00e1 prevista uma etapa importante da expans\u00e3o da Jovem Pan FM e da Jovem Pan News: a primeira passar\u00e1 a contar com a <strong>Jovem Pan FM 95.3 do Rio de Janeiro e com a Jovem Pan FM 100.1 de Volta Redonda<\/strong>. J\u00e1 a Jovem Pan News, al\u00e9m da estreia nesta data no Norte Fluminense, ter\u00e1 a <strong>Jovem Pan News FM 90.7 do Rio de Janeiro<\/strong>.<\/p>\n<p>As novidades marcam o retorno da Jovem Pan FM ao Rio de Janeiro, ausente desde o final de 2013, quando encerrou sua passagem pela FM 102.9, al\u00e9m da estreia da Jovem Pan News no dial carioca. A opera\u00e7\u00e3o em Volta Redonda tamb\u00e9m ser\u00e1 in\u00e9dita para a marca.<\/p>\n<p><strong>Mais Jovem Pan News<\/strong><\/p>\n<p>Tamb\u00e9m conforme noticiado pelo <strong>tudoradio.com<\/strong>, est\u00e1 prevista a estreia da <a href=\"https:\/\/tudoradio.com\/noticias\/ver\/34143-jovem-pan-news-tem-data-de-estreia-prevista-em-goias\" rel=\"nofollow noopener\" target=\"_blank\"><strong>Jovem Pan News FM 105.7 de An\u00e1polis<\/strong><\/a> na pr\u00f3xima segunda-feira (15), data que ainda poder\u00e1 sofrer alguma altera\u00e7\u00e3o devido \u00e0 montagem t\u00e9cnica da esta\u00e7\u00e3o. E a outra novidade envolvendo a rede jornal\u00edstica da marca \u00e9 <strong>a estreia da Jovem Pan News FM 105.7 de Cataguases (MG), tamb\u00e9m prevista para o dia 15<\/strong>. Essa emissora \u00e9 atualmente afiliada da Jovem Pan FM e mudar\u00e1 de bandeira na pr\u00f3xima semana.<\/p>\n<p>Ao todo, de janeiro de 2025 at\u00e9 o pr\u00f3ximo m\u00eas, <a href=\"https:\/\/tudoradio.com\/noticias\/ver\/34120-entre-estreias-e-anuncios-grupo-jovem-pan-conta-com-24-novas-afiliadas-entre-2025-e-2026-em-suas-tres-redes-nacionais\" rel=\"nofollow noopener\" target=\"_blank\"><strong>o Grupo Jovem Pan contabilizar\u00e1 24 estreias em todo o pa\u00eds em suas tr\u00eas redes nacionais<\/strong><\/a>: Jovem Pan FM, Jovem Pan News e na rec\u00e9m-criada Classic Pan (adulto-contempor\u00e2neo).<\/p>\n<p><strong>Leia mais:<\/strong><br \/>&#13;<br \/>\n&gt; <a href=\"https:\/\/tudoradio.com\/noticias\/ver\/34120-entre-estreias-e-anuncios-grupo-jovem-pan-conta-com-24-novas-afiliadas-entre-2025-e-2026-em-suas-tres-redes-nacionais\" rel=\"nofollow noopener\" target=\"_blank\"><strong>Entre estreias e an\u00fancios, Grupo Jovem Pan conta com 24 novas afiliadas entre 2025 e 2026 em suas tr\u00eas redes nacionais<\/strong><\/a><br \/>&#13;<br \/>\n&gt; <a href=\"https:\/\/tudoradio.com\/noticias\/ver\/34106-jovem-pan-fm-e-jovem-pan-news-devem-inaugurar-afiliadas-no-rio-de-janeiro-capital-recebe-as-duas-redes\" rel=\"nofollow noopener\" target=\"_blank\"><strong>Jovem Pan FM e Jovem Pan News devem inaugurar afiliadas no Rio de Janeiro; capital recebe as duas redes<\/strong><\/a><\/p>\n<p>&#13;<br \/>\n\t\t\t\tTags:&#13;<br \/>\n\t\t\t\tJovem Pan FM, Expans\u00e3o de r\u00e1dios, Estreia em Campos dos Goytacazes, Jovem Pan Araraquara, Mudan\u00e7a de frequ\u00eancia, R\u00e1dio no Rio de Janeiro, Jovem Pan News, Migra\u00e7\u00e3o AM-FM&#13;\n\t\t\t<\/p>\n","protected":false},"excerpt":{"rendered":"A Rede Jovem Pan FM segue movimentada em sua expans\u00e3o nesta reta final de 2025. De acordo com&hellip;\n","protected":false},"author":2,"featured_media":184604,"comment_status":"","ping_status":"","sticky":false,"template":"","format":"standard","meta":{"footnotes":""},"categories":[141],"tags":[114,115,37567,37566,37568,26883,28212,29485,37569,149,150,32,33,37570],"class_list":{"0":"post-184603","1":"post","2":"type-post","3":"status-publish","4":"format-standard","5":"has-post-thumbnail","7":"category-musica","8":"tag-entertainment","9":"tag-entretenimento","10":"tag-estreia-em-campos-dos-goytacazes","11":"tag-expansao-de-radios","12":"tag-jovem-pan-araraquara","13":"tag-jovem-pan-fm","14":"tag-jovem-pan-news","15":"tag-migracao-am-fm","16":"tag-mudanca-de-frequencia","17":"tag-music","18":"tag-musica","19":"tag-portugal","20":"tag-pt","21":"tag-radio-no-rio-de-janeiro"},"share_on_mastodon":{"url":"https:\/\/pubeurope.com\/@pt\/115702888434805276","error":""},"_links":{"self":[{"href":"https:\/\/www.europesays.com\/pt\/wp-json\/wp\/v2\/posts\/184603","targetHints":{"allow":["GET"]}}],"collection":[{"href":"https:\/\/www.europesays.com\/pt\/wp-json\/wp\/v2\/posts"}],"about":[{"href":"https:\/\/www.europesays.com\/pt\/wp-json\/wp\/v2\/types\/post"}],"author":[{"embeddable":true,"href":"https:\/\/www.europesays.com\/pt\/wp-json\/wp\/v2\/users\/2"}],"replies":[{"embeddable":true,"href":"https:\/\/www.europesays.com\/pt\/wp-json\/wp\/v2\/comments?post=184603"}],"version-history":[{"count":0,"href":"https:\/\/www.europesays.com\/pt\/wp-json\/wp\/v2\/posts\/184603\/revisions"}],"wp:featuredmedia":[{"embeddable":true,"href":"https:\/\/www.europesays.com\/pt\/wp-json\/wp\/v2\/media\/184604"}],"wp:attachment":[{"href":"https:\/\/www.europesays.com\/pt\/wp-json\/wp\/v2\/media?parent=184603"}],"wp:term":[{"taxonomy":"category","embeddable":true,"href":"https:\/\/www.europesays.com\/pt\/wp-json\/wp\/v2\/categories?post=184603"},{"taxonomy":"post_tag","embeddable":true,"href":"https:\/\/www.europesays.com\/pt\/wp-json\/wp\/v2\/tags?post=184603"}],"curies":[{"name":"wp","href":"https:\/\/api.w.org\/{rel}","templated":true}]}}