{"id":184612,"date":"2025-12-11T20:54:11","date_gmt":"2025-12-11T20:54:11","guid":{"rendered":"https:\/\/www.europesays.com\/pt\/184612\/"},"modified":"2025-12-11T20:54:11","modified_gmt":"2025-12-11T20:54:11","slug":"morreu-a-atriz-gloria-de-matos-aos-89-anos","status":"publish","type":"post","link":"https:\/\/www.europesays.com\/pt\/184612\/","title":{"rendered":"Morreu a atriz Gl\u00f3ria de Matos aos 89 anos"},"content":{"rendered":"<p>                Em nota divulgada, a fam\u00edlia adianta que <b>&#8220;o corpo estar\u00e1 em c\u00e2mara ardente na Igreja de S. Jo\u00e3o de Deus, em Lisboa, s\u00e1bado entre as 18h e as 22h, e domingo entre as 12h e as 15h30<\/b>, hora em que decorrer\u00e1 uma missa de corpo presente, seguindo depois para o Cemit\u00e9rio do Alto de S. Jo\u00e3o&#8221;.<\/p>\n<p>&#13;<br \/>\nA not\u00edcia foi confirmada por uma sobrinha da artista e posteriormente comunicada pela fam\u00edlia.&#13;<br \/>\n&#13;\n<\/p>\n<p>Gl\u00f3ria de Matos iniciou a carreira em 1954, integrando o Grupo de Teatro da Casa da Com\u00e9dia, projeto de que viria tamb\u00e9m a fazer parte da dire\u00e7\u00e3o. <b>Foi uma figura marcante das artes c\u00e9nicas portuguesas, com uma carreira de mais de seis d\u00e9cadas que atravessou teatro, televis\u00e3o e cinema.<\/b><\/p>\n<p>Casada durante v\u00e1rios anos com o locutor e apresentador Henrique Mendes, a atriz destacou-se n\u00e3o apenas pela sua versatilidade art\u00edstica, mas tamb\u00e9m pelo trabalho acad\u00e9mico. Foi professora na Escola de Teatro do Conservat\u00f3rio Nacional, na Escola Superior de Teatro e Cinema e na Universidade Aberta, contribuindo para a forma\u00e7\u00e3o de v\u00e1rias gera\u00e7\u00f5es de profissionais.<\/p>\n<p>&#13;<br \/>\nPara al\u00e9m do percurso art\u00edstico e pedag\u00f3gico, desempenhou ainda fun\u00e7\u00f5es p\u00fablicas, como membro da Alta Autoridade para a Comunica\u00e7\u00e3o Social e assessora da Secretaria de Estado da Cultura e do Instituto de Artes C\u00e9nicas.<br \/>&#13;<br \/>\nGl\u00f3ria de Matos deixa uma marca profunda na cultura portuguesa, lembrada pela dedica\u00e7\u00e3o, talento e influ\u00eancia no panorama teatral nacional.&#13;<\/p>\n","protected":false},"excerpt":{"rendered":"Em nota divulgada, a fam\u00edlia adianta que &#8220;o corpo estar\u00e1 em c\u00e2mara ardente na Igreja de S. Jo\u00e3o&hellip;\n","protected":false},"author":2,"featured_media":184613,"comment_status":"","ping_status":"","sticky":false,"template":"","format":"standard","meta":{"footnotes":""},"categories":[145],"tags":[211,210,114,115,13,32,33,420,421],"class_list":{"0":"post-184612","1":"post","2":"type-post","3":"status-publish","4":"format-standard","5":"has-post-thumbnail","7":"category-celebridades","8":"tag-celebridades","9":"tag-celebrities","10":"tag-entertainment","11":"tag-entretenimento","12":"tag-noticias","13":"tag-portugal","14":"tag-pt","15":"tag-rtp","16":"tag-rtp-noticias"},"share_on_mastodon":{"url":"https:\/\/pubeurope.com\/@pt\/115702927385517043","error":""},"_links":{"self":[{"href":"https:\/\/www.europesays.com\/pt\/wp-json\/wp\/v2\/posts\/184612","targetHints":{"allow":["GET"]}}],"collection":[{"href":"https:\/\/www.europesays.com\/pt\/wp-json\/wp\/v2\/posts"}],"about":[{"href":"https:\/\/www.europesays.com\/pt\/wp-json\/wp\/v2\/types\/post"}],"author":[{"embeddable":true,"href":"https:\/\/www.europesays.com\/pt\/wp-json\/wp\/v2\/users\/2"}],"replies":[{"embeddable":true,"href":"https:\/\/www.europesays.com\/pt\/wp-json\/wp\/v2\/comments?post=184612"}],"version-history":[{"count":0,"href":"https:\/\/www.europesays.com\/pt\/wp-json\/wp\/v2\/posts\/184612\/revisions"}],"wp:featuredmedia":[{"embeddable":true,"href":"https:\/\/www.europesays.com\/pt\/wp-json\/wp\/v2\/media\/184613"}],"wp:attachment":[{"href":"https:\/\/www.europesays.com\/pt\/wp-json\/wp\/v2\/media?parent=184612"}],"wp:term":[{"taxonomy":"category","embeddable":true,"href":"https:\/\/www.europesays.com\/pt\/wp-json\/wp\/v2\/categories?post=184612"},{"taxonomy":"post_tag","embeddable":true,"href":"https:\/\/www.europesays.com\/pt\/wp-json\/wp\/v2\/tags?post=184612"}],"curies":[{"name":"wp","href":"https:\/\/api.w.org\/{rel}","templated":true}]}}