{"id":184614,"date":"2025-12-11T20:58:22","date_gmt":"2025-12-11T20:58:22","guid":{"rendered":"https:\/\/www.europesays.com\/pt\/184614\/"},"modified":"2025-12-11T20:58:22","modified_gmt":"2025-12-11T20:58:22","slug":"emicida-lanca-album-depois-de-seis-anos-celebridades","status":"publish","type":"post","link":"https:\/\/www.europesays.com\/pt\/184614\/","title":{"rendered":"Emicida lan\u00e7a \u00e1lbum depois de seis anos | Celebridades"},"content":{"rendered":"<p>                                        Emicida &#8211; Reprodu\u00e7\u00e3o \/ X<\/p>\n<p class=\"content-media__description\">EmicidaReprodu\u00e7\u00e3o \/ X<\/p>\n<p>                                                        Publicado 11\/12\/2025 10:20 | Atualizado 11\/12\/2025 13:55\n                    <\/p>\n<p>                    Rio &#8211; Seis anos depois do estrondoso sucesso nacional do disco &#8220;AmarElo&#8221; e de um per\u00edodo recente em que enfrentou dramas pessoais, como o <a href=\"https:\/\/odia.ig.com.br\/diversao\/celebridades\/2025\/03\/7029066-emicida-encerra-parceria-com-o-irmao-fioti.html\" target=\"_blank\" rel=\"noopener noreferrer nofollow\">rompimento com o irm\u00e3o Fi\u00f3ti<\/a> e a <a href=\"https:\/\/odia.ig.com.br\/brasil\/2025\/07\/7100711-mae-de-emicida-e-fioti-morre-aos-60-anos.html\" target=\"_blank\" rel=\"noopener noreferrer nofollow\">morte da m\u00e3e<\/a>, Emicida lan\u00e7ou, na madrugada desta quinta-feira (11), o \u00e1lbum &#8220;Emicida Racional VL 2&#8221;. O t\u00edtulo n\u00e3o \u00e9 coincid\u00eancia: o projeto \u00e9 uma homenagem direta aos Racionais MC\u2019s.<\/p>\n<p>        &#13;<br \/>\n            fotogaleria&#13;<br \/>\n            &#13;<\/p>\n<p>                                <img decoding=\"async\" width=\"1920\" alt=\"Capa do novo \u00e1lbum do rapper Emicida  - Reprodu\u00e7\u00e3o \/ X\" class=\"lazyload\" src=\"https:\/\/www.europesays.com\/pt\/wp-content\/uploads\/2025\/12\/emeicida2-37694665.jpg\"\/><\/p>\n<p>                                <img decoding=\"async\" width=\"1920\" alt=\"Emicida - Reprodu\u00e7\u00e3o \/ X\" class=\"lazyload\" src=\"https:\/\/www.europesays.com\/pt\/wp-content\/uploads\/2025\/12\/emeicida-37694654.jpg\"\/><\/p>\n<p>Em postagem no X (antigo Twitter), ele sugeriu aos f\u00e3s: &#8220;Ouve o &#8216;Mesmas cores &amp; Mesmos valores&#8217; com calma. Pega o tempo do disco, procura um cantinho, apaga as luzes, fecha os olhos e fica olhando para dentro de voc\u00ea.&#8221;<\/p>\n<p>&#8220;\u00c9 para ser experienciado. Cada detalhezinho foi colocado ali com muito cuidado para ir mexendo numas coisinhas internas nossas. Tamb\u00e9m \u00e9 da hora pegar um caderno e uma caneta e ir escrevendo, no escuro mesmo, aquilo que vier, sem compromisso com a l\u00f3gica, aleatoriamente mesmo, depois ver o que saiu. Esse disco \u00e9 um jogo investigativo&#8221;, continuou Emicida, explicando o objetivo do novo trabalho.\u00a0<\/p>\n<p>&#8220;Obrigado por esperar, pessoal. Espero que seja da hora para voc\u00eas, como foi para n\u00f3s fazer isso&#8221;, completou.<\/p>\n<p>E os f\u00e3s responderam, dando um feedback. &#8220;Nem 5 minutos de \u00e1lbum e j\u00e1 bateu um neg\u00f3cio. N\u00e3o conhe\u00e7o o Leandro, n\u00e3o conhe\u00e7o a dona Jacira, mas esses 3:37 j\u00e1 foram o suficiente para eu sentir que a conheci e conhe\u00e7o o jeito dela como se fosse uma vizinha minha. Obrigado pela sua arte, Emicida&#8221;,\u00a0comentou um seguidor.<\/p>\n<p>&#8220;Hora de separar os homens dos meninos. Os meninos v\u00e3o ficar discutindo pelo \u00e1lbum do Matu\u00ea a semana toda. Os homens v\u00e3o chorar no \u00f4nibus ouvindo Emicida&#8221;, publicou outro usu\u00e1rio da rede.<\/p>\n<p>&#8220;O novo \u00e1lbum do Emicida me deu a sensa\u00e7\u00e3o de pegar v\u00e1rios \u00e1lbuns de foto e, sem pressa, ir passando foto por foto, lembrando cada momento e sentindo inclusive os que eu nem estava ou nem lembro. Arte do in\u00edcio ao fim. Chorei, ri. Voc\u00ea \u00e9 incr\u00edvel, Leandro [nome do Emicida]&#8221;; &#8220;Se voc\u00ea gosta de rap, se voc\u00ea tem no\u00e7\u00e3o da import\u00e2ncia do Emicida para a m\u00fasica e o hip Hop brasileiro e n\u00e3o se emocionou escutando essa [&#8220;Bom dia n\u00e9 gente? (ou saudade em modo maior)&#8221;], sinto muito, mas voc\u00ea j\u00e1 est\u00e1 morto por dentro&#8221;, elogiaram outros f\u00e3s.<\/p>\n<p>O \u00e1lbum tem dez faixas, todas do pr\u00f3prio Emicida, sendo algumas com parceiros.<\/p>\n<p><strong>Assista ao v\u00eddeo de lan\u00e7amento:<\/strong><\/p>\n<blockquote class=\"twitter-tweet\" data-media-max-width=\"560\"><p>&#13;<\/p>\n<p dir=\"ltr\" lang=\"pt\">\u00c9 melhor ser um guerreiro no jardim, do que um jardineiro na guerra.<\/p>\n<p>&#8220;Emicida Racional VL 2 &#8211; Mesmas Cores &amp; Mesmos Valores&#8221; t\u00e1 no mundo. Ouve a\u00ed!<\/p>\n<p>cr\u00e9ditos: Same Energy Studio <a href=\"https:\/\/t.co\/tsTQefsxjD\" rel=\"nofollow\">pic.twitter.com\/tsTQefsxjD<\/a><\/p>\n<p>&#13;<br \/>\n\u2014 emicida (@emicida) <a href=\"https:\/\/twitter.com\/emicida\/status\/1998956602641252502?ref_src=twsrc%5Etfw\" rel=\"nofollow noopener\" target=\"_blank\">December 11, 2025<\/a><\/p><\/blockquote>\n<p>                                    <script async src=\"https:\/\/platform.twitter.com\/widgets.js\" charset=\"utf-8\"><\/script><\/p>\n","protected":false},"excerpt":{"rendered":"Emicida &#8211; Reprodu\u00e7\u00e3o \/ X EmicidaReprodu\u00e7\u00e3o \/ X Publicado 11\/12\/2025 10:20 | Atualizado 11\/12\/2025 13:55 Rio &#8211; Seis&hellip;\n","protected":false},"author":2,"featured_media":184615,"comment_status":"","ping_status":"","sticky":false,"template":"","format":"standard","meta":{"footnotes":""},"categories":[141],"tags":[3112,114,115,632,149,150,3602,32,33],"class_list":{"0":"post-184614","1":"post","2":"type-post","3":"status-publish","4":"format-standard","5":"has-post-thumbnail","7":"category-musica","8":"tag-emicida","9":"tag-entertainment","10":"tag-entretenimento","11":"tag-escolha-do-editor","12":"tag-music","13":"tag-musica","14":"tag-novo-album","15":"tag-portugal","16":"tag-pt"},"share_on_mastodon":{"url":"https:\/\/pubeurope.com\/@pt\/115702943907902848","error":""},"_links":{"self":[{"href":"https:\/\/www.europesays.com\/pt\/wp-json\/wp\/v2\/posts\/184614","targetHints":{"allow":["GET"]}}],"collection":[{"href":"https:\/\/www.europesays.com\/pt\/wp-json\/wp\/v2\/posts"}],"about":[{"href":"https:\/\/www.europesays.com\/pt\/wp-json\/wp\/v2\/types\/post"}],"author":[{"embeddable":true,"href":"https:\/\/www.europesays.com\/pt\/wp-json\/wp\/v2\/users\/2"}],"replies":[{"embeddable":true,"href":"https:\/\/www.europesays.com\/pt\/wp-json\/wp\/v2\/comments?post=184614"}],"version-history":[{"count":0,"href":"https:\/\/www.europesays.com\/pt\/wp-json\/wp\/v2\/posts\/184614\/revisions"}],"wp:featuredmedia":[{"embeddable":true,"href":"https:\/\/www.europesays.com\/pt\/wp-json\/wp\/v2\/media\/184615"}],"wp:attachment":[{"href":"https:\/\/www.europesays.com\/pt\/wp-json\/wp\/v2\/media?parent=184614"}],"wp:term":[{"taxonomy":"category","embeddable":true,"href":"https:\/\/www.europesays.com\/pt\/wp-json\/wp\/v2\/categories?post=184614"},{"taxonomy":"post_tag","embeddable":true,"href":"https:\/\/www.europesays.com\/pt\/wp-json\/wp\/v2\/tags?post=184614"}],"curies":[{"name":"wp","href":"https:\/\/api.w.org\/{rel}","templated":true}]}}