{"id":184620,"date":"2025-12-11T21:06:56","date_gmt":"2025-12-11T21:06:56","guid":{"rendered":"https:\/\/www.europesays.com\/pt\/184620\/"},"modified":"2025-12-11T21:06:56","modified_gmt":"2025-12-11T21:06:56","slug":"mais-de-430-mil-russos-alistaram-se-no-exercito-em-2025","status":"publish","type":"post","link":"https:\/\/www.europesays.com\/pt\/184620\/","title":{"rendered":"Mais de 430 mil russos alistaram-se no ex\u00e9rcito em 2025"},"content":{"rendered":"<p>Mais de <strong>430 mil russos alistaram-se <\/strong>nas For\u00e7as Armadas ao longo de 2025, informou\u00a0hoje o vice-presidente do Conselho de Seguran\u00e7a da R\u00fassia, Dmitri Medvedev.<\/p>\n<p>\u201cMais de 400 mil pessoas juntaram-se a unidades <strong>militares<\/strong> e outras mais de 34 mil integraram unidades de <strong>volunt\u00e1rios<\/strong>\u201c, disse\u00a0Medvedev, citado pela ag\u00eancia noticiosa estatal TASS.<\/p>\n<p>O ex-presidente russo acrescentou que as <strong>metas de recrutamento definidas<\/strong> para este ano \u201cforam praticamente atingidas\u201d.<\/p>\n<p>Em janeiro, Medvedev j\u00e1 tinha indicado que cerca de 450 mil cidad\u00e3os russos se tinham alistado\u00a0por <strong>contrato<\/strong> em 2024, enquanto outros 40 mil aderiram a unidades de volunt\u00e1rios <strong>mobilizadas para a Ucr\u00e2nia.<\/strong><\/p>\n<p>Apesar dos apelos de alguns setores pol\u00edticos, o Presidente russo, Vladimir Putin, tem resistido a avan\u00e7ar com uma<strong> nova mobiliza\u00e7\u00e3o de reservistas<\/strong>, ap\u00f3s aquela que foi anunciada em setembro de 2022 ter provocado <strong>forte contesta\u00e7\u00e3o interna<\/strong> e o \u00eaxodo de <strong>centenas de milhares de russos<\/strong>.<\/p>\n<p>Segundo o Instituto para o Estudo da Guerra (ISW), com sede em Washington, as for\u00e7as russas conquistaram em 2025 <strong>cerca de 0,77% do territ\u00f3rio ucraniano<\/strong>, um avan\u00e7o superior ao registado ao longo de todo o ano de 2024.<\/p>\n<p>A ofensiva russa intensificou-se no outono, com Moscovo a anunciar a tomada de Pokrovsk, na regi\u00e3o de Donetsk, e de Kupyansk, em Kharkiv, conquistas que Kiev continua a n\u00e3o reconhecer.<\/p>\n<p>A ofensiva militar russa no territ\u00f3rio ucraniano, lan\u00e7ada a 24 de fevereiro de 2022, mergulhou a Europa naquela que \u00e9 considerada a <strong>crise de seguran\u00e7a mais grave desde a Segunda Guerra Mundial<\/strong> (1939-1945).<\/p>\n","protected":false},"excerpt":{"rendered":"Mais de 430 mil russos alistaram-se nas For\u00e7as Armadas ao longo de 2025, informou\u00a0hoje o vice-presidente do Conselho&hellip;\n","protected":false},"author":2,"featured_media":184621,"comment_status":"","ping_status":"","sticky":false,"template":"","format":"standard","meta":{"footnotes":""},"categories":[50],"tags":[27,28,15,16,14,25,26,21,22,62,12,13,19,20,23,24,17,18,29,30,31,63,64,65],"class_list":{"0":"post-184620","1":"post","2":"type-post","3":"status-publish","4":"format-standard","5":"has-post-thumbnail","7":"category-mundo","8":"tag-breaking-news","9":"tag-breakingnews","10":"tag-featured-news","11":"tag-featurednews","12":"tag-headlines","13":"tag-latest-news","14":"tag-latestnews","15":"tag-main-news","16":"tag-mainnews","17":"tag-mundo","18":"tag-news","19":"tag-noticias","20":"tag-noticias-principais","21":"tag-noticiasprincipais","22":"tag-principais-noticias","23":"tag-principaisnoticias","24":"tag-top-stories","25":"tag-topstories","26":"tag-ultimas","27":"tag-ultimas-noticias","28":"tag-ultimasnoticias","29":"tag-world","30":"tag-world-news","31":"tag-worldnews"},"share_on_mastodon":{"url":"https:\/\/pubeurope.com\/@pt\/115702978511044513","error":""},"_links":{"self":[{"href":"https:\/\/www.europesays.com\/pt\/wp-json\/wp\/v2\/posts\/184620","targetHints":{"allow":["GET"]}}],"collection":[{"href":"https:\/\/www.europesays.com\/pt\/wp-json\/wp\/v2\/posts"}],"about":[{"href":"https:\/\/www.europesays.com\/pt\/wp-json\/wp\/v2\/types\/post"}],"author":[{"embeddable":true,"href":"https:\/\/www.europesays.com\/pt\/wp-json\/wp\/v2\/users\/2"}],"replies":[{"embeddable":true,"href":"https:\/\/www.europesays.com\/pt\/wp-json\/wp\/v2\/comments?post=184620"}],"version-history":[{"count":0,"href":"https:\/\/www.europesays.com\/pt\/wp-json\/wp\/v2\/posts\/184620\/revisions"}],"wp:featuredmedia":[{"embeddable":true,"href":"https:\/\/www.europesays.com\/pt\/wp-json\/wp\/v2\/media\/184621"}],"wp:attachment":[{"href":"https:\/\/www.europesays.com\/pt\/wp-json\/wp\/v2\/media?parent=184620"}],"wp:term":[{"taxonomy":"category","embeddable":true,"href":"https:\/\/www.europesays.com\/pt\/wp-json\/wp\/v2\/categories?post=184620"},{"taxonomy":"post_tag","embeddable":true,"href":"https:\/\/www.europesays.com\/pt\/wp-json\/wp\/v2\/tags?post=184620"}],"curies":[{"name":"wp","href":"https:\/\/api.w.org\/{rel}","templated":true}]}}