{"id":184624,"date":"2025-12-11T21:10:19","date_gmt":"2025-12-11T21:10:19","guid":{"rendered":"https:\/\/www.europesays.com\/pt\/184624\/"},"modified":"2025-12-11T21:10:19","modified_gmt":"2025-12-11T21:10:19","slug":"helo-pinheiro-se-impressiona-com-a-beleza-da-neta-que-estouro","status":"publish","type":"post","link":"https:\/\/www.europesays.com\/pt\/184624\/","title":{"rendered":"Hel\u00f4 Pinheiro se impressiona com a beleza da neta: &#8216;Que estouro&#8217;"},"content":{"rendered":"<p>A eterna Garota de Ipanema, <strong>Hel\u00f4 Pinheiro<\/strong> mostrou que sua beleza est\u00e1 passando pelas gera\u00e7\u00f5es de sua fam\u00edlia. Nesta quinta-feira, 11, a famosa compartilhou uma foto de uma de suas netas, a atriz <strong>Buby Pinheiro<\/strong>, de 28 anos, e exibiu a beleza da jovem.<\/p>\n<p>A m\u00e3e de <strong>Ticiane Pinheiro<\/strong> repostou um clique publicado pela mo\u00e7a e falou sobre a beleza dela. Na selfie tirada no espelho, a filha de <strong>Kiki Pinheiro<\/strong> apareceu toda estilosa, usando um look de academia amarelo e um bon\u00e9 na cabe\u00e7a.<\/p>\n<p>\u201cQue estouro! Arrebentou a boca do bal\u00e3o! Lind\u00edssima! Minha neta maravilhosa\u201d, escreveu Hel\u00f4 Pinheiro mostrando ser uma av\u00f3 coruja.<\/p>\n<p> Veja a foto da neta de Hel\u00f4 Pinheiro: <img loading=\"lazy\" decoding=\"async\" class=\"size-full wp-image-1042949 img-fluid lazy\" alt=\"Hel\u00f4 Pinheiro se impressiona com beleza da neta, Buby Pinheiro\" width=\"1080\" height=\"1928\" src=\"https:\/\/www.europesays.com\/pt\/wp-content\/uploads\/2025\/12\/neta-helo-pinheiro-buby-pinheiro.jpg\"  \/>Hel\u00f4 Pinheiro se impressiona com beleza da neta, Buby Pinheiro \u2013 Foto: @helopinheiro1 Hel\u00f4 Pinheiro esbanjou beleza com a neta na praia <\/p>\n<p>Garota de Ipanema, Hel\u00f4 Pinheiro n\u00e3o poderia deixar de curtir uma praia com a neta, Buby Pinheiro, no bairro de Ipanema. Tempos atr\u00e1s, a <a href=\"https:\/\/caras.com.br\/beleza\/helo-pinheiro-da-show-de-beleza-em-ipanema-com-neta-lindas.phtml\" rel=\"nofollow noopener\" target=\"_blank\">famosa fez o clique com a jovem<\/a> e deu um show de beleza, arrancando elogios dos internautas.<\/p>\n<p>\u201cRecordo o passado me vendo atrav\u00e9s de minha neta Bruna, na praia que me consagrou com a m\u00fasica de Tom e Vin\u00edcius\u201d, contou ela sobre relembrar o seu passado ao estar com a herdeira.<\/p>\n<p> Hel\u00f4 Pinheiro comemora conquista do filho <\/p>\n<p>Hel\u00f4 Pinheiro tem quatro filhos e o mais novo, <strong>Fernando Pinheiro Junior<\/strong>, ganhou um certificado nos \u00faltimos dias no jiu-jitsu. Apesar das dificuldades, por ter algumas quest\u00f5es por conta de um problema de sa\u00fade que teve na inf\u00e2ncia que o deixou com sequelas at\u00e9 hoje, ele conquistou seu espa\u00e7o no esporte e a m\u00e3e comemorou o momento.<\/p>\n<p>Em sua rede social, a <a href=\"https:\/\/caras.com.br\/atualidades\/helo-pinheiro-comemora-conquista-do-filho-inclusao-nos-motiva.phtml\" rel=\"nofollow noopener\" target=\"_blank\">famosa postou fotos de quando o herdeiro recebeu o certificado<\/a> e agradeceu ao mestre do garoto.<\/p>\n<p>Para quem n\u00e3o sabe, Fernando teve bronquiolite quando era beb\u00ea e sofreu a falta de oxigena\u00e7\u00e3o no c\u00e9rebro. Com isso, ele ficou com algumas sequelas neurol\u00f3gicas e motoras.<\/p>\n<p>\u00a0<\/p>\n<p>        <a href=\"https:\/\/caras.com.br\/autor\/nataly-paschoal\" rel=\"nofollow noopener\" target=\"_blank\">&#13;<br \/>\n          <img loading=\"lazy\" decoding=\"async\" alt=\"Nataly Paschoal\" src=\"https:\/\/www.europesays.com\/pt\/wp-content\/uploads\/2025\/11\/nataly-paschoal_sqmd.jpg\" class=\"avatar avatar-115 photo rounded-circle\" height=\"115\" width=\"115\"\/>        <\/a><\/p>\n<p><b>Nataly Paschoal <\/b>\u00e9 rep\u00f3rter de conte\u00fado do site CARAS. Formada em jornalismo pela Faculdade C\u00e1sper L\u00edbero, ela j\u00e1 passou por sites como Todateen, Sportlife e espnW. Escreve sobre celebridades, TV, reality show e novelas.<\/p>\n","protected":false},"excerpt":{"rendered":"A eterna Garota de Ipanema, Hel\u00f4 Pinheiro mostrou que sua beleza est\u00e1 passando pelas gera\u00e7\u00f5es de sua fam\u00edlia.&hellip;\n","protected":false},"author":2,"featured_media":184625,"comment_status":"","ping_status":"","sticky":false,"template":"","format":"standard","meta":{"footnotes":""},"categories":[145],"tags":[37572,211,210,114,115,37573,37574,32,33],"class_list":{"0":"post-184624","1":"post","2":"type-post","3":"status-publish","4":"format-standard","5":"has-post-thumbnail","7":"category-celebridades","8":"tag-buby-pinheiro","9":"tag-celebridades","10":"tag-celebrities","11":"tag-entertainment","12":"tag-entretenimento","13":"tag-helo-pinheiro","14":"tag-neta-helo-pinheiro","15":"tag-portugal","16":"tag-pt"},"share_on_mastodon":{"url":"https:\/\/pubeurope.com\/@pt\/115702990580139020","error":""},"_links":{"self":[{"href":"https:\/\/www.europesays.com\/pt\/wp-json\/wp\/v2\/posts\/184624","targetHints":{"allow":["GET"]}}],"collection":[{"href":"https:\/\/www.europesays.com\/pt\/wp-json\/wp\/v2\/posts"}],"about":[{"href":"https:\/\/www.europesays.com\/pt\/wp-json\/wp\/v2\/types\/post"}],"author":[{"embeddable":true,"href":"https:\/\/www.europesays.com\/pt\/wp-json\/wp\/v2\/users\/2"}],"replies":[{"embeddable":true,"href":"https:\/\/www.europesays.com\/pt\/wp-json\/wp\/v2\/comments?post=184624"}],"version-history":[{"count":0,"href":"https:\/\/www.europesays.com\/pt\/wp-json\/wp\/v2\/posts\/184624\/revisions"}],"wp:featuredmedia":[{"embeddable":true,"href":"https:\/\/www.europesays.com\/pt\/wp-json\/wp\/v2\/media\/184625"}],"wp:attachment":[{"href":"https:\/\/www.europesays.com\/pt\/wp-json\/wp\/v2\/media?parent=184624"}],"wp:term":[{"taxonomy":"category","embeddable":true,"href":"https:\/\/www.europesays.com\/pt\/wp-json\/wp\/v2\/categories?post=184624"},{"taxonomy":"post_tag","embeddable":true,"href":"https:\/\/www.europesays.com\/pt\/wp-json\/wp\/v2\/tags?post=184624"}],"curies":[{"name":"wp","href":"https:\/\/api.w.org\/{rel}","templated":true}]}}