{"id":184626,"date":"2025-12-11T21:13:12","date_gmt":"2025-12-11T21:13:12","guid":{"rendered":"https:\/\/www.europesays.com\/pt\/184626\/"},"modified":"2025-12-11T21:13:12","modified_gmt":"2025-12-11T21:13:12","slug":"ze-ex-noivo-de-liliana-beija-outra-concorrente-na-boca-esta-e-a-verdade-secret-story","status":"publish","type":"post","link":"https:\/\/www.europesays.com\/pt\/184626\/","title":{"rendered":"Z\u00e9, ex-noivo de Liliana, beija outra concorrente na boca? Esta \u00e9 a verdade &#8211; Secret Story"},"content":{"rendered":"<p style=\"margin-bottom:11px\">Desde que se tornou conhecido, devido ao facto de ser o ex-noivo da concorrente Liliana da Casa dos Segredos, que Z\u00e9 tem sido not\u00edcia com muita frequ\u00eancia. O gestor desportivo est\u00e1 no centro dos holofotes e tudo o que faz \u00e9 motivo de curiosidade. Desta vez, surgiu a informa\u00e7\u00e3o de que Z\u00e9 tinha sido vistos aos beijos com Mariana, ex-concorrente da atual edi\u00e7\u00e3o do Reality show, da TVI.<\/p>\n<p>Contudo, Z\u00e9 j\u00e1 veio garantir que tal n\u00e3o \u00e9 verdade. \u00abIsso n\u00e3o \u00e9 verdade, de todo\u00bb, declarou, afirmando ter apenas uma amizade com a colega da ex-noiva.<\/p>\n<p style=\"margin-bottom:11px\">Cada vez mais popular e medi\u00e1tico, <strong>Z\u00e9<\/strong>, o<strong> ex-noivo de Liliana<\/strong>, tem se desdobrado em encontros com outros ex-concorrentes do formato. O jovem tamb\u00e9m\u00a0 teve uma tarde em cheio com Bruno, o concorrente que desistiu recentemente. O momento foi partilhado nas redes sociais e j\u00e1 est\u00e1 a dar que falar. \u00a0<\/p>\n<p style=\"margin-bottom:11px\"><img loading=\"lazy\" decoding=\"async\" alt=\"\" height=\"1600\" src=\"https:\/\/www.europesays.com\/pt\/wp-content\/uploads\/2025\/12\/693091a1d34e2bd5c6d4b60d.webp\" width=\"900\"\/><\/p>\n<p><strong>Z\u00e9 ficou conhecido depois de ter pedido a namorada, Liliana,<\/strong> <a href=\"https:\/\/tvi.iol.pt\/secretstory\/videos\/liliana-recorda-ex-noivo-ze-ha-coisas-que-eu-desculpei-que-para-mim-sao-imperdoaveis\/691869850cf2c7eb2444519b\" rel=\"nofollow noopener\" target=\"_blank\">em casamento na gala de estreia do <strong>Secret Story 9<\/strong>.<\/a> O noivado acabou depois de a concorrente <a href=\"https:\/\/tvi.iol.pt\/secretstory\/ze\/liliana\/no-dia-dedicado-a-quem-esta-sozinho-foram-os-antigos-colegas-de-liliana-a-estar-ao-lado-de-ze\" rel=\"nofollow noopener\" target=\"_blank\">ter assumido sentimentos por F\u00e1bio <\/a>dentro da casa e, desde ent\u00e3o, este &#8216;tri\u00e2ngulo&#8217; tem dado muito que falar.<\/p>\n<p>Atualmente, Liliana j\u00e1 namora com F\u00e1bio e Z\u00e9 est\u00e1 solteiro e muito ativo nas redes!<\/p>\n<p data-end=\"190\" data-start=\"56\">\u00a0<\/p>\n","protected":false},"excerpt":{"rendered":"Desde que se tornou conhecido, devido ao facto de ser o ex-noivo da concorrente Liliana da Casa dos&hellip;\n","protected":false},"author":2,"featured_media":184627,"comment_status":"","ping_status":"","sticky":false,"template":"","format":"standard","meta":{"footnotes":""},"categories":[142],"tags":[18706,114,115,18705,884,20846,32,33,151,18704],"class_list":{"0":"post-184626","1":"post","2":"type-post","3":"status-publish","4":"format-standard","5":"has-post-thumbnail","7":"category-tv","8":"tag-bastidores-secret-story","9":"tag-entertainment","10":"tag-entretenimento","11":"tag-entrevistas-concorrentes-tvi","12":"tag-mariana","13":"tag-noivo-ze","14":"tag-portugal","15":"tag-pt","16":"tag-tv","17":"tag-vida-fora-da-casa"},"share_on_mastodon":{"url":"https:\/\/pubeurope.com\/@pt\/115703002781484147","error":""},"_links":{"self":[{"href":"https:\/\/www.europesays.com\/pt\/wp-json\/wp\/v2\/posts\/184626","targetHints":{"allow":["GET"]}}],"collection":[{"href":"https:\/\/www.europesays.com\/pt\/wp-json\/wp\/v2\/posts"}],"about":[{"href":"https:\/\/www.europesays.com\/pt\/wp-json\/wp\/v2\/types\/post"}],"author":[{"embeddable":true,"href":"https:\/\/www.europesays.com\/pt\/wp-json\/wp\/v2\/users\/2"}],"replies":[{"embeddable":true,"href":"https:\/\/www.europesays.com\/pt\/wp-json\/wp\/v2\/comments?post=184626"}],"version-history":[{"count":0,"href":"https:\/\/www.europesays.com\/pt\/wp-json\/wp\/v2\/posts\/184626\/revisions"}],"wp:featuredmedia":[{"embeddable":true,"href":"https:\/\/www.europesays.com\/pt\/wp-json\/wp\/v2\/media\/184627"}],"wp:attachment":[{"href":"https:\/\/www.europesays.com\/pt\/wp-json\/wp\/v2\/media?parent=184626"}],"wp:term":[{"taxonomy":"category","embeddable":true,"href":"https:\/\/www.europesays.com\/pt\/wp-json\/wp\/v2\/categories?post=184626"},{"taxonomy":"post_tag","embeddable":true,"href":"https:\/\/www.europesays.com\/pt\/wp-json\/wp\/v2\/tags?post=184626"}],"curies":[{"name":"wp","href":"https:\/\/api.w.org\/{rel}","templated":true}]}}