{"id":184638,"date":"2025-12-11T21:26:54","date_gmt":"2025-12-11T21:26:54","guid":{"rendered":"https:\/\/www.europesays.com\/pt\/184638\/"},"modified":"2025-12-11T21:26:54","modified_gmt":"2025-12-11T21:26:54","slug":"o-dia-que-vai-esgotar-mais-rapido-no-rock-in-rio-e-o-de-linkin-park-fazemos-apostas-no-escritorio-esgota-em-fevereiro-em-marco","status":"publish","type":"post","link":"https:\/\/www.europesays.com\/pt\/184638\/","title":{"rendered":"\u201cO dia que vai esgotar mais r\u00e1pido no Rock in Rio \u00e9 o de Linkin Park. Fazemos apostas no escrit\u00f3rio: esgota em fevereiro, em mar\u00e7o?\u201d"},"content":{"rendered":"<p><strong>Ou\u00e7a a resposta completa acima, a partir dos 9 minutos e 33 segundos.<\/strong><\/p>\n<p>Convidada do mais recente epis\u00f3dio do Posto Emissor, <strong>Roberta Medina<\/strong> percorreu o cartaz da pr\u00f3xima edi\u00e7\u00e3o do<strong> Rock in Rio Lisboa<\/strong>, que se realiza em junho, no Parque Tejo, na capital.<\/p>\n<p>Sobre <strong>o dia que est\u00e1 a ter mais procura<\/strong>, afirma: \u201cO dia que vai esgotar mais r\u00e1pido no Rock in Rio \u00e9 o de Linkin Park. Fazemos apostas no escrit\u00f3rio: esgota em fevereiro, em mar\u00e7o?\u201d \u201c<strong>At\u00e9 ao Natal v\u00eam mais nomes<\/strong>\u201d, promete a vice-presidente do Rock in Rio Lisboa.<\/p>\n<p>Al\u00e9m de <a href=\"https:\/\/expresso.pt\/blitz\/2025-05-30-linkin-park-confirmados-no-rock-in-rio-lisboa-2026-f4ce0396\" target=\"_blank\" rel=\"noopener noreferrer nofollow\">Linkin Park<\/a>, o festival assegurou j\u00e1 a presen\u00e7a de <a href=\"https:\/\/expresso.pt\/blitz\/2025-11-28-rock-in-rio-lisboa-anuncia-cyndi-lauper-para-o-dia-das-lendas-9f2f5390\" target=\"_blank\" rel=\"noopener noreferrer nofollow\">Rod Stewart, Cyndi Lauper, Katy Perry e Sepultura<\/a>, entre outros.<\/p>\n","protected":false},"excerpt":{"rendered":"Ou\u00e7a a resposta completa acima, a partir dos 9 minutos e 33 segundos. Convidada do mais recente epis\u00f3dio&hellip;\n","protected":false},"author":2,"featured_media":184639,"comment_status":"","ping_status":"","sticky":false,"template":"","format":"standard","meta":{"footnotes":""},"categories":[8],"tags":[27,28,15,16,14,25,26,21,22,12,13,19,20,32,23,24,33,17,18,29,30,31],"class_list":{"0":"post-184638","1":"post","2":"type-post","3":"status-publish","4":"format-standard","5":"has-post-thumbnail","7":"category-principais-noticias","8":"tag-breaking-news","9":"tag-breakingnews","10":"tag-featured-news","11":"tag-featurednews","12":"tag-headlines","13":"tag-latest-news","14":"tag-latestnews","15":"tag-main-news","16":"tag-mainnews","17":"tag-news","18":"tag-noticias","19":"tag-noticias-principais","20":"tag-noticiasprincipais","21":"tag-portugal","22":"tag-principais-noticias","23":"tag-principaisnoticias","24":"tag-pt","25":"tag-top-stories","26":"tag-topstories","27":"tag-ultimas","28":"tag-ultimas-noticias","29":"tag-ultimasnoticias"},"share_on_mastodon":{"url":"https:\/\/pubeurope.com\/@pt\/115703057171234421","error":""},"_links":{"self":[{"href":"https:\/\/www.europesays.com\/pt\/wp-json\/wp\/v2\/posts\/184638","targetHints":{"allow":["GET"]}}],"collection":[{"href":"https:\/\/www.europesays.com\/pt\/wp-json\/wp\/v2\/posts"}],"about":[{"href":"https:\/\/www.europesays.com\/pt\/wp-json\/wp\/v2\/types\/post"}],"author":[{"embeddable":true,"href":"https:\/\/www.europesays.com\/pt\/wp-json\/wp\/v2\/users\/2"}],"replies":[{"embeddable":true,"href":"https:\/\/www.europesays.com\/pt\/wp-json\/wp\/v2\/comments?post=184638"}],"version-history":[{"count":0,"href":"https:\/\/www.europesays.com\/pt\/wp-json\/wp\/v2\/posts\/184638\/revisions"}],"wp:featuredmedia":[{"embeddable":true,"href":"https:\/\/www.europesays.com\/pt\/wp-json\/wp\/v2\/media\/184639"}],"wp:attachment":[{"href":"https:\/\/www.europesays.com\/pt\/wp-json\/wp\/v2\/media?parent=184638"}],"wp:term":[{"taxonomy":"category","embeddable":true,"href":"https:\/\/www.europesays.com\/pt\/wp-json\/wp\/v2\/categories?post=184638"},{"taxonomy":"post_tag","embeddable":true,"href":"https:\/\/www.europesays.com\/pt\/wp-json\/wp\/v2\/tags?post=184638"}],"curies":[{"name":"wp","href":"https:\/\/api.w.org\/{rel}","templated":true}]}}