{"id":184654,"date":"2025-12-11T21:41:51","date_gmt":"2025-12-11T21:41:51","guid":{"rendered":"https:\/\/www.europesays.com\/pt\/184654\/"},"modified":"2025-12-11T21:41:51","modified_gmt":"2025-12-11T21:41:51","slug":"greve-geral-vista-das-ruas-manha-cinzenta-autocarros-vazios-e-um-pais-que-abrandou-o-passo","status":"publish","type":"post","link":"https:\/\/www.europesays.com\/pt\/184654\/","title":{"rendered":"Greve geral vista das ruas: manh\u00e3 cinzenta, autocarros vazios e um pa\u00eds que abrandou o passo"},"content":{"rendered":"<p>A greve geral desta quinta-feira deixou v\u00e1rios servi\u00e7os a meio-g\u00e1s: enquanto o Governo fala em apenas 10% de ades\u00e3o e garante que \u201co pa\u00eds escolheu trabalhar\u201d, os sindicatos reivindicam paralisa\u00e7\u00e3o perto dos 90%. Nas ruas, o impacto varia entre setores, com transportes, escolas e hospitais a registar perturba\u00e7\u00f5es vis\u00edveis. Vejas aqui as fotografias dos jornalistas do Expresso<\/p>\n","protected":false},"excerpt":{"rendered":"A greve geral desta quinta-feira deixou v\u00e1rios servi\u00e7os a meio-g\u00e1s: enquanto o Governo fala em apenas 10% de&hellip;\n","protected":false},"author":2,"featured_media":184655,"comment_status":"","ping_status":"","sticky":false,"template":"","format":"standard","meta":{"footnotes":""},"categories":[8],"tags":[27,28,15,16,14,25,26,21,22,12,13,19,20,32,23,24,33,17,18,29,30,31],"class_list":{"0":"post-184654","1":"post","2":"type-post","3":"status-publish","4":"format-standard","5":"has-post-thumbnail","7":"category-principais-noticias","8":"tag-breaking-news","9":"tag-breakingnews","10":"tag-featured-news","11":"tag-featurednews","12":"tag-headlines","13":"tag-latest-news","14":"tag-latestnews","15":"tag-main-news","16":"tag-mainnews","17":"tag-news","18":"tag-noticias","19":"tag-noticias-principais","20":"tag-noticiasprincipais","21":"tag-portugal","22":"tag-principais-noticias","23":"tag-principaisnoticias","24":"tag-pt","25":"tag-top-stories","26":"tag-topstories","27":"tag-ultimas","28":"tag-ultimas-noticias","29":"tag-ultimasnoticias"},"share_on_mastodon":{"url":"https:\/\/pubeurope.com\/@pt\/115703116198866458","error":""},"_links":{"self":[{"href":"https:\/\/www.europesays.com\/pt\/wp-json\/wp\/v2\/posts\/184654","targetHints":{"allow":["GET"]}}],"collection":[{"href":"https:\/\/www.europesays.com\/pt\/wp-json\/wp\/v2\/posts"}],"about":[{"href":"https:\/\/www.europesays.com\/pt\/wp-json\/wp\/v2\/types\/post"}],"author":[{"embeddable":true,"href":"https:\/\/www.europesays.com\/pt\/wp-json\/wp\/v2\/users\/2"}],"replies":[{"embeddable":true,"href":"https:\/\/www.europesays.com\/pt\/wp-json\/wp\/v2\/comments?post=184654"}],"version-history":[{"count":0,"href":"https:\/\/www.europesays.com\/pt\/wp-json\/wp\/v2\/posts\/184654\/revisions"}],"wp:featuredmedia":[{"embeddable":true,"href":"https:\/\/www.europesays.com\/pt\/wp-json\/wp\/v2\/media\/184655"}],"wp:attachment":[{"href":"https:\/\/www.europesays.com\/pt\/wp-json\/wp\/v2\/media?parent=184654"}],"wp:term":[{"taxonomy":"category","embeddable":true,"href":"https:\/\/www.europesays.com\/pt\/wp-json\/wp\/v2\/categories?post=184654"},{"taxonomy":"post_tag","embeddable":true,"href":"https:\/\/www.europesays.com\/pt\/wp-json\/wp\/v2\/tags?post=184654"}],"curies":[{"name":"wp","href":"https:\/\/api.w.org\/{rel}","templated":true}]}}