{"id":184666,"date":"2025-12-11T21:52:37","date_gmt":"2025-12-11T21:52:37","guid":{"rendered":"https:\/\/www.europesays.com\/pt\/184666\/"},"modified":"2025-12-11T21:52:37","modified_gmt":"2025-12-11T21:52:37","slug":"com-avancos-em-2025-grupo-elora-projeta-santa-catarina-no-cenario-da-pesquisa-clinica","status":"publish","type":"post","link":"https:\/\/www.europesays.com\/pt\/184666\/","title":{"rendered":"Com avan\u00e7os em 2025, Grupo Elora projeta Santa Catarina no cen\u00e1rio da pesquisa cl\u00ednica"},"content":{"rendered":"<p>  <img class=\"content-first-image wp-image-2745379 size-full\" loading=\"eager\" decoding=\"sync\" fetchpriority=\"high\" src=\"https:\/\/www.europesays.com\/pt\/wp-content\/uploads\/2025\/12\/3-11-e1765461042855.jpg\" alt=\"elora;\" width=\"1290\" height=\"862\"  \/>Avan\u00e7os em cuidado, pesquisa cl\u00ednica e forma\u00e7\u00e3o profissional marcaram um ano de crescimento estrat\u00e9gico para o GrupoFoto: Divulga\u00e7\u00e3o\/Grupo Elora\/ND<\/p>\n<p>O que define um ano importante para a sa\u00fade? Para o Grupo Elora, a resposta n\u00e3o est\u00e1 apenas em n\u00fameros ou marcos isolados, mas no que acontece quando conhecimento e cuidado se encontram.<\/p>\n<p>Em 2025, a institui\u00e7\u00e3o, que \u00e9 refer\u00eancia nacional em oncologia, hematologia e pesquisa cl\u00ednica, deu novos passos que refor\u00e7am seu papel como uma das protagonistas no desenvolvimento de terapias mais eficazes para doen\u00e7as complexas e no acesso \u00e0 inova\u00e7\u00e3o em sa\u00fade.<\/p>\n<p>O centro fortaleceu tr\u00eas grandes frentes ao longo do ano: o cuidado assistencial, a pesquisa cl\u00ednica e o ensino profissionalizante. A atua\u00e7\u00e3o integrada dessas \u00e1reas permitiu avan\u00e7os que v\u00e3o desde a inclus\u00e3o de pacientes em estudos internacionais at\u00e9 a forma\u00e7\u00e3o continuada de equipes multidisciplinares.<\/p>\n<p>\u201cCada estudo aberto, cada curso realizado e cada paciente acolhido tem a colabora\u00e7\u00e3o de uma equipe que acredita que ci\u00eancia e cuidado caminham lado a lado. Esse \u00e9 o prop\u00f3sito que nos move\u201d, explica Dra. Lucilda Cerqueira Lima, presidente do Grupo Elora.<\/p>\n<p>O avan\u00e7o que nasce do cuidado<\/p>\n<p>Em um cen\u00e1rio marcado por congressos e encontros cient\u00edficos ao redor do mundo, o Elora se manteve alinhado \u00e0s diretrizes internacionais. A institui\u00e7\u00e3o participou de eventos no Chile, Portugal, Argentina, Turquia e Peru, refor\u00e7ando seu compromisso com as pr\u00e1ticas mais atuais da oncologia e hematologia.<\/p>\n<p>Um dos momentos mais relevantes do ano foi a inclus\u00e3o do primeiro paciente brasileiro no estudo PACIFICA \u2014 um marco que posiciona o grupo entre os centros mais estruturados do pa\u00eds em protocolos de alta complexidade.<\/p>\n<p>Tamb\u00e9m foram iniciados estudos para doen\u00e7as raras e de dif\u00edcil tratamento, como mielofibrose, linfoma difuso de grandes c\u00e9lulas B, LLC e SLL, ampliando as op\u00e7\u00f5es terap\u00eauticas dispon\u00edveis.<\/p>\n<blockquote>\n<p>\u201cQuando falamos em pesquisa, falamos em esperan\u00e7a. Pacientes que muitas vezes j\u00e1 esgotaram alternativas encontram, nesses estudos, acesso ao que h\u00e1 de mais moderno no mundo\u201d, refor\u00e7a a Dra.<\/p>\n<\/blockquote>\n<p>Esse movimento de inova\u00e7\u00e3o teve impacto pr\u00e1tico e simb\u00f3lico: ao abrir portas para tratamentos ainda em fase de desenvolvimento, a institui\u00e7\u00e3o amplia o horizonte dos pacientes e contribui diretamente para o avan\u00e7o da ci\u00eancia \u2014 n\u00e3o s\u00f3 local, mas global.<\/p>\n<p>Forma\u00e7\u00e3o cont\u00ednua e presen\u00e7a ativa na comunidade cient\u00edfica    <\/p>\n<ul class=\"slider-galeria-de-foto-wrapper glide__slides\">\n<li id=\"galeria-slide-1\" class=\"slider-galeria-de-foto-slide glide__slide\"> <a href=\"https:\/\/static.ndmais.com.br\/2025\/12\/6-2.jpg\" title=\"Cursos, parcerias e eventos especializados marcaram um ano de avan\u00e7os na educa\u00e7\u00e3o e na produ\u00e7\u00e3o de conhecimento - Foto: Divulga\u00e7\u00e3o\/Grupo Elora\/ND\" data-caption=\"Cursos, parcerias e eventos especializados marcaram um ano de avan\u00e7os na educa\u00e7\u00e3o e na produ\u00e7\u00e3o de conhecimento - Foto: Divulga\u00e7\u00e3o\/Grupo Elora\/ND\" id=\"zoom-gallery-2745382\" class=\"imagem-galeria\" data-fancybox=\"\" rel=\"nofollow noopener\" target=\"_blank\"> <img decoding=\"async\" width=\"766\" height=\"800\" src=\"https:\/\/www.europesays.com\/pt\/wp-content\/uploads\/2025\/12\/6-2-766x800.jpg\" class=\"\" alt=\"Cursos, parcerias e eventos especializados marcaram um ano de avan\u00e7os na educa\u00e7\u00e3o e na produ\u00e7\u00e3o de conhecimento - Foto: Divulga\u00e7\u00e3o\/Grupo Elora\/ND\" loading=\"lazy\"  \/> <\/a>  Cursos, parcerias e eventos especializados marcaram um ano de avan\u00e7os na educa\u00e7\u00e3o e na produ\u00e7\u00e3o de conhecimento &#8211; Foto: Divulga\u00e7\u00e3o\/Grupo Elora\/ND\n<p> Foto 1 de 7 <\/p>\n<\/li>\n<li id=\"galeria-slide-2\" class=\"slider-galeria-de-foto-slide glide__slide\"> <a href=\"https:\/\/static.ndmais.com.br\/2025\/12\/2-14-969x1300.jpg\" title=\"Cursos, parcerias e eventos especializados marcaram um ano de avan\u00e7os na educa\u00e7\u00e3o e na produ\u00e7\u00e3o de conhecimento - Foto: Divulga\u00e7\u00e3o\/Grupo Elora\/ND\" data-caption=\"Cursos, parcerias e eventos especializados marcaram um ano de avan\u00e7os na educa\u00e7\u00e3o e na produ\u00e7\u00e3o de conhecimento - Foto: Divulga\u00e7\u00e3o\/Grupo Elora\/ND\" id=\"zoom-gallery-2745378\" class=\"imagem-galeria\" data-fancybox=\"\" rel=\"nofollow noopener\" target=\"_blank\"> <img decoding=\"async\" width=\"596\" height=\"800\" src=\"https:\/\/www.europesays.com\/pt\/wp-content\/uploads\/2025\/12\/2-14-596x800.jpg\" class=\"\" alt=\"Cursos, parcerias e eventos especializados marcaram um ano de avan\u00e7os na educa\u00e7\u00e3o e na produ\u00e7\u00e3o de conhecimento - Foto: Divulga\u00e7\u00e3o\/Grupo Elora\/ND\" loading=\"lazy\"  \/> <\/a>  Cursos, parcerias e eventos especializados marcaram um ano de avan\u00e7os na educa\u00e7\u00e3o e na produ\u00e7\u00e3o de conhecimento &#8211; Foto: Divulga\u00e7\u00e3o\/Grupo Elora\/ND\n<p> Foto 2 de 7 <\/p>\n<\/li>\n<li id=\"galeria-slide-3\" class=\"slider-galeria-de-foto-slide glide__slide\"> <a href=\"https:\/\/static.ndmais.com.br\/2025\/12\/1-8-1011x1300.jpg\" title=\"Cursos, parcerias e eventos especializados marcaram um ano de avan\u00e7os na educa\u00e7\u00e3o e na produ\u00e7\u00e3o de conhecimento - Foto: Divulga\u00e7\u00e3o\/Grupo Elora\/ND\" data-caption=\"Cursos, parcerias e eventos especializados marcaram um ano de avan\u00e7os na educa\u00e7\u00e3o e na produ\u00e7\u00e3o de conhecimento - Foto: Divulga\u00e7\u00e3o\/Grupo Elora\/ND\" id=\"zoom-gallery-2745377\" class=\"imagem-galeria\" data-fancybox=\"\" rel=\"nofollow noopener\" target=\"_blank\"> <img decoding=\"async\" width=\"622\" height=\"800\" src=\"https:\/\/www.europesays.com\/pt\/wp-content\/uploads\/2025\/12\/1-8-622x800.jpg\" class=\"\" alt=\"Cursos, parcerias e eventos especializados marcaram um ano de avan\u00e7os na educa\u00e7\u00e3o e na produ\u00e7\u00e3o de conhecimento - Foto: Divulga\u00e7\u00e3o\/Grupo Elora\/ND\" loading=\"lazy\"  \/> <\/a>  Cursos, parcerias e eventos especializados marcaram um ano de avan\u00e7os na educa\u00e7\u00e3o e na produ\u00e7\u00e3o de conhecimento &#8211; Foto: Divulga\u00e7\u00e3o\/Grupo Elora\/ND\n<p> Foto 3 de 7 <\/p>\n<\/li>\n<li id=\"galeria-slide-4\" class=\"slider-galeria-de-foto-slide glide__slide\"> <a href=\"https:\/\/static.ndmais.com.br\/2025\/12\/10-1.jpg\" title=\"Cursos, parcerias e eventos especializados marcaram um ano de avan\u00e7os na educa\u00e7\u00e3o e na produ\u00e7\u00e3o de conhecimento - Foto: Divulga\u00e7\u00e3o\/Grupo Elora\/ND\" data-caption=\"Cursos, parcerias e eventos especializados marcaram um ano de avan\u00e7os na educa\u00e7\u00e3o e na produ\u00e7\u00e3o de conhecimento - Foto: Divulga\u00e7\u00e3o\/Grupo Elora\/ND\" id=\"zoom-gallery-2745375\" class=\"imagem-galeria\" data-fancybox=\"\" rel=\"nofollow noopener\" target=\"_blank\"> <img decoding=\"async\" width=\"800\" height=\"800\" src=\"https:\/\/www.europesays.com\/pt\/wp-content\/uploads\/2025\/12\/10-1-800x800.jpg\" class=\"\" alt=\"Cursos, parcerias e eventos especializados marcaram um ano de avan\u00e7os na educa\u00e7\u00e3o e na produ\u00e7\u00e3o de conhecimento - Foto: Divulga\u00e7\u00e3o\/Grupo Elora\/ND\" loading=\"lazy\"  \/> <\/a>  Cursos, parcerias e eventos especializados marcaram um ano de avan\u00e7os na educa\u00e7\u00e3o e na produ\u00e7\u00e3o de conhecimento &#8211; Foto: Divulga\u00e7\u00e3o\/Grupo Elora\/ND\n<p> Foto 4 de 7 <\/p>\n<\/li>\n<li id=\"galeria-slide-5\" class=\"slider-galeria-de-foto-slide glide__slide\"> <a href=\"https:\/\/static.ndmais.com.br\/2025\/12\/9-1.jpg\" title=\"Cursos, parcerias e eventos especializados marcaram um ano de avan\u00e7os na educa\u00e7\u00e3o e na produ\u00e7\u00e3o de conhecimento - Foto: Divulga\u00e7\u00e3o\/Grupo Elora\/ND\" data-caption=\"Cursos, parcerias e eventos especializados marcaram um ano de avan\u00e7os na educa\u00e7\u00e3o e na produ\u00e7\u00e3o de conhecimento - Foto: Divulga\u00e7\u00e3o\/Grupo Elora\/ND\" id=\"zoom-gallery-2745374\" class=\"imagem-galeria\" data-fancybox=\"\" rel=\"nofollow noopener\" target=\"_blank\"> <img decoding=\"async\" width=\"800\" height=\"596\" src=\"https:\/\/www.europesays.com\/pt\/wp-content\/uploads\/2025\/12\/9-1-800x596.jpg\" class=\"\" alt=\"Cursos, parcerias e eventos especializados marcaram um ano de avan\u00e7os na educa\u00e7\u00e3o e na produ\u00e7\u00e3o de conhecimento - Foto: Divulga\u00e7\u00e3o\/Grupo Elora\/ND\" loading=\"lazy\"  \/> <\/a>  Cursos, parcerias e eventos especializados marcaram um ano de avan\u00e7os na educa\u00e7\u00e3o e na produ\u00e7\u00e3o de conhecimento &#8211; Foto: Divulga\u00e7\u00e3o\/Grupo Elora\/ND\n<p> Foto 5 de 7 <\/p>\n<\/li>\n<li id=\"galeria-slide-6\" class=\"slider-galeria-de-foto-slide glide__slide\"> <a href=\"https:\/\/static.ndmais.com.br\/2025\/12\/8-2-1122x1300.jpg\" title=\"Cursos, parcerias e eventos especializados marcaram um ano de avan\u00e7os na educa\u00e7\u00e3o e na produ\u00e7\u00e3o de conhecimento - Foto: Divulga\u00e7\u00e3o\/Grupo Elora\/ND\" data-caption=\"Cursos, parcerias e eventos especializados marcaram um ano de avan\u00e7os na educa\u00e7\u00e3o e na produ\u00e7\u00e3o de conhecimento - Foto: Divulga\u00e7\u00e3o\/Grupo Elora\/ND\" id=\"zoom-gallery-2745373\" class=\"imagem-galeria\" data-fancybox=\"\" rel=\"nofollow noopener\" target=\"_blank\"> <img decoding=\"async\" width=\"691\" height=\"800\" src=\"https:\/\/www.europesays.com\/pt\/wp-content\/uploads\/2025\/12\/8-2-691x800.jpg\" class=\"\" alt=\"Cursos, parcerias e eventos especializados marcaram um ano de avan\u00e7os na educa\u00e7\u00e3o e na produ\u00e7\u00e3o de conhecimento - Foto: Divulga\u00e7\u00e3o\/Grupo Elora\/ND\" loading=\"lazy\"  \/> <\/a>  Cursos, parcerias e eventos especializados marcaram um ano de avan\u00e7os na educa\u00e7\u00e3o e na produ\u00e7\u00e3o de conhecimento &#8211; Foto: Divulga\u00e7\u00e3o\/Grupo Elora\/ND\n<p> Foto 6 de 7 <\/p>\n<\/li>\n<li id=\"galeria-slide-7\" class=\"slider-galeria-de-foto-slide glide__slide\"> <a href=\"https:\/\/static.ndmais.com.br\/2025\/12\/7-2-988x1300.jpg\" title=\"Cursos, parcerias e eventos especializados marcaram um ano de avan\u00e7os na educa\u00e7\u00e3o e na produ\u00e7\u00e3o de conhecimento - Foto: Divulga\u00e7\u00e3o\/Grupo Elora\/ND\" data-caption=\"Cursos, parcerias e eventos especializados marcaram um ano de avan\u00e7os na educa\u00e7\u00e3o e na produ\u00e7\u00e3o de conhecimento - Foto: Divulga\u00e7\u00e3o\/Grupo Elora\/ND\" id=\"zoom-gallery-2745372\" class=\"imagem-galeria\" data-fancybox=\"\" rel=\"nofollow noopener\" target=\"_blank\"> <img decoding=\"async\" width=\"608\" height=\"800\" src=\"https:\/\/www.europesays.com\/pt\/wp-content\/uploads\/2025\/12\/7-2-608x800.jpg\" class=\"\" alt=\"Cursos, parcerias e eventos especializados marcaram um ano de avan\u00e7os na educa\u00e7\u00e3o e na produ\u00e7\u00e3o de conhecimento - Foto: Divulga\u00e7\u00e3o\/Grupo Elora\/ND\" loading=\"lazy\"  \/> <\/a>  Cursos, parcerias e eventos especializados marcaram um ano de avan\u00e7os na educa\u00e7\u00e3o e na produ\u00e7\u00e3o de conhecimento &#8211; Foto: Divulga\u00e7\u00e3o\/Grupo Elora\/ND\n<p> Foto 7 de 7 <\/p>\n<\/li>\n<\/ul>\n<p>A forma\u00e7\u00e3o de profissionais tamb\u00e9m ganhou protagonismo em 2025. O Grupo Elora promoveu cursos voltados a temas como feridas, desbridamento, terapia por press\u00e3o negativa e cuidados ao idoso, com participa\u00e7\u00e3o de equipes internas e profissionais externos.<\/p>\n<p>A abordagem pr\u00e1tica e o retorno positivo dos participantes resultaram em novas edi\u00e7\u00f5es programadas. Al\u00e9m disso, parcerias com entidades como a FHESC e a AHESC contribu\u00edram para levar esse conhecimento a outras regi\u00f5es de Santa Catarina.<\/p>\n<p>O protagonismo na discuss\u00e3o cient\u00edfica se fortaleceu com a realiza\u00e7\u00e3o do Simp\u00f3sio de Oncologia e Hematologia, que reuniu temas como intelig\u00eancia artificial na medicina e abordagens terap\u00eauticas emergentes. O grupo tamb\u00e9m sediou cursos pr\u00e9-congresso do CBU (Congresso Brasileiro de Urologia), destacando-se como articulador de debates relevantes para a comunidade m\u00e9dica.<\/p>\n<p>Por tr\u00e1s desses eventos, existe uma cultura de valoriza\u00e7\u00e3o de quem constr\u00f3i a rotina do cuidado. A\u00e7\u00f5es como a Semana da Enfermagem, homenagem \u00e0s recepcionistas e iniciativas voltadas ao bem-estar das equipes demonstram que, para o Elora, ci\u00eancia e acolhimento n\u00e3o s\u00e3o caminhos distintos.<\/p>\n<p>O que vem pela frente    <\/p>\n<ul class=\"slider-galeria-de-foto-wrapper glide__slides\">\n<li id=\"galeria-slide-1\" class=\"slider-galeria-de-foto-slide glide__slide\"> <a href=\"https:\/\/static.ndmais.com.br\/2025\/12\/11-1.jpg\" title=\"A agenda do pr\u00f3ximo ano inclui fortalecimento de parcerias nacionais e internacionais para ampliar o acesso \u00e0 inova\u00e7\u00e3o - Foto: Divulga\u00e7\u00e3o\/Grupo Elora\/ND\" data-caption=\"A agenda do pr\u00f3ximo ano inclui fortalecimento de parcerias nacionais e internacionais para ampliar o acesso \u00e0 inova\u00e7\u00e3o - Foto: Divulga\u00e7\u00e3o\/Grupo Elora\/ND\" id=\"zoom-gallery-2745376\" class=\"imagem-galeria\" data-fancybox=\"\" rel=\"nofollow noopener\" target=\"_blank\"> <img decoding=\"async\" width=\"778\" height=\"800\" src=\"https:\/\/www.europesays.com\/pt\/wp-content\/uploads\/2025\/12\/11-1-778x800.jpg\" class=\"\" alt=\"A agenda do pr\u00f3ximo ano inclui fortalecimento de parcerias nacionais e internacionais para ampliar o acesso \u00e0 inova\u00e7\u00e3o - Foto: Divulga\u00e7\u00e3o\/Grupo Elora\/ND\" loading=\"lazy\"  \/> <\/a>  A agenda do pr\u00f3ximo ano inclui fortalecimento de parcerias nacionais e internacionais para ampliar o acesso \u00e0 inova\u00e7\u00e3o &#8211; Foto: Divulga\u00e7\u00e3o\/Grupo Elora\/ND\n<p> Foto 1 de 3 <\/p>\n<\/li>\n<li id=\"galeria-slide-2\" class=\"slider-galeria-de-foto-slide glide__slide\"> <a href=\"https:\/\/static.ndmais.com.br\/2025\/12\/5-6.jpg\" title=\"A agenda do pr\u00f3ximo ano inclui fortalecimento de parcerias nacionais e internacionais para ampliar o acesso \u00e0 inova\u00e7\u00e3o - Foto: Divulga\u00e7\u00e3o\/Grupo Elora\/ND\" data-caption=\"A agenda do pr\u00f3ximo ano inclui fortalecimento de parcerias nacionais e internacionais para ampliar o acesso \u00e0 inova\u00e7\u00e3o - Foto: Divulga\u00e7\u00e3o\/Grupo Elora\/ND\" id=\"zoom-gallery-2745381\" class=\"imagem-galeria\" data-fancybox=\"\" rel=\"nofollow noopener\" target=\"_blank\"> <img decoding=\"async\" width=\"800\" height=\"789\" src=\"https:\/\/www.europesays.com\/pt\/wp-content\/uploads\/2025\/12\/5-6-800x789.jpg\" class=\"\" alt=\"A agenda do pr\u00f3ximo ano inclui fortalecimento de parcerias nacionais e internacionais para ampliar o acesso \u00e0 inova\u00e7\u00e3o - Foto: Divulga\u00e7\u00e3o\/Grupo Elora\/ND\" loading=\"lazy\"  \/> <\/a>  A agenda do pr\u00f3ximo ano inclui fortalecimento de parcerias nacionais e internacionais para ampliar o acesso \u00e0 inova\u00e7\u00e3o &#8211; Foto: Divulga\u00e7\u00e3o\/Grupo Elora\/ND\n<p> Foto 2 de 3 <\/p>\n<\/li>\n<li id=\"galeria-slide-3\" class=\"slider-galeria-de-foto-slide glide__slide\"> <a href=\"https:\/\/static.ndmais.com.br\/2025\/12\/4-9.jpg\" title=\"A agenda do pr\u00f3ximo ano inclui fortalecimento de parcerias nacionais e internacionais para ampliar o acesso \u00e0 inova\u00e7\u00e3o - Foto: Divulga\u00e7\u00e3o\/Grupo Elora\/ND\" data-caption=\"A agenda do pr\u00f3ximo ano inclui fortalecimento de parcerias nacionais e internacionais para ampliar o acesso \u00e0 inova\u00e7\u00e3o - Foto: Divulga\u00e7\u00e3o\/Grupo Elora\/ND\" id=\"zoom-gallery-2745380\" class=\"imagem-galeria\" data-fancybox=\"\" rel=\"nofollow noopener\" target=\"_blank\"> <img decoding=\"async\" width=\"800\" height=\"787\" src=\"https:\/\/www.europesays.com\/pt\/wp-content\/uploads\/2025\/12\/4-9-800x787.jpg\" class=\"\" alt=\"A agenda do pr\u00f3ximo ano inclui fortalecimento de parcerias nacionais e internacionais para ampliar o acesso \u00e0 inova\u00e7\u00e3o - Foto: Divulga\u00e7\u00e3o\/Grupo Elora\/ND\" loading=\"lazy\"  \/> <\/a>  A agenda do pr\u00f3ximo ano inclui fortalecimento de parcerias nacionais e internacionais para ampliar o acesso \u00e0 inova\u00e7\u00e3o &#8211; Foto: Divulga\u00e7\u00e3o\/Grupo Elora\/ND\n<p> Foto 3 de 3 <\/p>\n<\/li>\n<\/ul>\n<p>Depois de um ano marcado por movimento e entrega, o Grupo Elora segue para 2026 com uma agenda robusta. A expans\u00e3o da atua\u00e7\u00e3o em pesquisa cl\u00ednica, o lan\u00e7amento de novos cursos, o fortalecimento de parcerias estaduais e internacionais e o compromisso de manter o cuidado baseado em evid\u00eancias seguem no centro das estrat\u00e9gias.<\/p>\n<blockquote>\n<p>\u201cEsperamos ampliar ainda mais o acesso \u00e0 inova\u00e7\u00e3o, formar mais profissionais, abrir novas frentes de pesquisa e, acima de tudo, continuar acolhendo cada paciente com responsabilidade, sensibilidade e compet\u00eancia. \u00c9 com esse esp\u00edrito que seguimos\u201d, completa a presidente.<\/p>\n<\/blockquote>\n<p>Para mais informa\u00e7\u00f5es sobre o Grupo Elora e os servi\u00e7os oferecidos, <a href=\"https:\/\/grupoelora.org.br\/\" target=\"_blank\" rel=\"noopener nofollow\">acesse o site<\/a>.<\/p>\n","protected":false},"excerpt":{"rendered":"Avan\u00e7os em cuidado, pesquisa cl\u00ednica e forma\u00e7\u00e3o profissional marcaram um ano de crescimento estrat\u00e9gico para o GrupoFoto: Divulga\u00e7\u00e3o\/Grupo&hellip;\n","protected":false},"author":2,"featured_media":184667,"comment_status":"","ping_status":"","sticky":false,"template":"","format":"standard","meta":{"footnotes":""},"categories":[84],"tags":[109,107,108,24853,37577,1968,32,33,14222,4066,3801,105,103,104,106,110],"class_list":{"0":"post-184666","1":"post","2":"type-post","3":"status-publish","4":"format-standard","5":"has-post-thumbnail","7":"category-ciencia-e-tecnologia","8":"tag-ciencia","9":"tag-ciencia-e-tecnologia","10":"tag-cienciaetecnologia","11":"tag-educao","12":"tag-grupo-elora","13":"tag-notcia","14":"tag-portugal","15":"tag-pt","16":"tag-publieditorial","17":"tag-sade","18":"tag-santa-catarina","19":"tag-science","20":"tag-science-and-technology","21":"tag-scienceandtechnology","22":"tag-technology","23":"tag-tecnologia"},"share_on_mastodon":{"url":"https:\/\/pubeurope.com\/@pt\/115703156296687541","error":""},"_links":{"self":[{"href":"https:\/\/www.europesays.com\/pt\/wp-json\/wp\/v2\/posts\/184666","targetHints":{"allow":["GET"]}}],"collection":[{"href":"https:\/\/www.europesays.com\/pt\/wp-json\/wp\/v2\/posts"}],"about":[{"href":"https:\/\/www.europesays.com\/pt\/wp-json\/wp\/v2\/types\/post"}],"author":[{"embeddable":true,"href":"https:\/\/www.europesays.com\/pt\/wp-json\/wp\/v2\/users\/2"}],"replies":[{"embeddable":true,"href":"https:\/\/www.europesays.com\/pt\/wp-json\/wp\/v2\/comments?post=184666"}],"version-history":[{"count":0,"href":"https:\/\/www.europesays.com\/pt\/wp-json\/wp\/v2\/posts\/184666\/revisions"}],"wp:featuredmedia":[{"embeddable":true,"href":"https:\/\/www.europesays.com\/pt\/wp-json\/wp\/v2\/media\/184667"}],"wp:attachment":[{"href":"https:\/\/www.europesays.com\/pt\/wp-json\/wp\/v2\/media?parent=184666"}],"wp:term":[{"taxonomy":"category","embeddable":true,"href":"https:\/\/www.europesays.com\/pt\/wp-json\/wp\/v2\/categories?post=184666"},{"taxonomy":"post_tag","embeddable":true,"href":"https:\/\/www.europesays.com\/pt\/wp-json\/wp\/v2\/tags?post=184666"}],"curies":[{"name":"wp","href":"https:\/\/api.w.org\/{rel}","templated":true}]}}