{"id":184668,"date":"2025-12-11T21:57:11","date_gmt":"2025-12-11T21:57:11","guid":{"rendered":"https:\/\/www.europesays.com\/pt\/184668\/"},"modified":"2025-12-11T21:57:11","modified_gmt":"2025-12-11T21:57:11","slug":"fernanda-rodrigues-emociona-ao-se-declarar-para-a-filha-igualzinha-a-mim","status":"publish","type":"post","link":"https:\/\/www.europesays.com\/pt\/184668\/","title":{"rendered":"Fernanda Rodrigues emociona ao se declarar para a filha: &#8216;Igualzinha a mim&#8217;"},"content":{"rendered":"<p>Dia de festa na casa de <a href=\"https:\/\/caras.com.br\/tags\/fernanda-rodrigues\" rel=\"nofollow noopener\" target=\"_blank\"><strong>Fernanda Rodrigues<\/strong><\/a>! A atriz e apresentadora usou as redes sociais nesta quinta-feira, 11, para prestar uma homenagem emocionante \u00e0 filha mais velha, <a href=\"https:\/\/caras.com.br\/tags\/luisa-erlanger\" rel=\"nofollow noopener\" target=\"_blank\"><strong>Luisa Erlanger<\/strong><\/a>, que est\u00e1 completando 16 anos de vida.<\/p>\n<p>Em celebra\u00e7\u00e3o \u00e0 data t\u00e3o especial, Fernanda resgatou uma sequ\u00eancia de fotos da primog\u00eanita ainda bem pequena e abriu o cora\u00e7\u00e3o ao recordar o dia de seu nascimento. A artista ainda revelou que fez quest\u00e3o de registrar os \u00faltimos momentos com o barrig\u00e3o antes de seguir para a maternidade.<\/p>\n<p>\u201cEra uma sexta-feira. Acordei com a sensa\u00e7\u00e3o forte de que voc\u00ea chegaria naquele dia. Sa\u00edmos calmamente de casa e paramos no mirante do Leblon. Fizemos fotos lindas do meu barrig\u00e3o. Eu tinha certeza de que seria a \u00faltima vez que tiraria fotos com voc\u00ea ainda dentro de mim. Chegamos ao consult\u00f3rio e o m\u00e9dico disse: \u2018Vamos direto para a maternidade\u2019. E assim foi. Exatamente como o meu instinto tinha me avisado\u201c, iniciou a atriz na legenda.<\/p>\n<p>\u201cN\u00e3o demorou muito, e voc\u00ea chegou ao mundo.T\u00e3o linda. T\u00e3o perfeita. Com nota de Apgar 10. T\u00e3o maravilhosa. Quando colocaram voc\u00ea nos meus bra\u00e7os e eu te olhei pela primeira vez, eu senti uma emo\u00e7\u00e3o que nunca vou esquecer\u201c, continuou ela.<\/p>\n<p>\t \u2018Igualzinha a mim\u2019 <\/p>\n<p>Em seguida, Fernanda Rodrigues relatou sua rea\u00e7\u00e3o genu\u00edna ao pegar a pequena Luisa nos bra\u00e7os pela primeira vez: \u201cVoc\u00ea era igualzinha a mim, s\u00f3 que em vers\u00e3o beb\u00ea. E eu disse isso na hora, est\u00e1 at\u00e9 gravado no v\u00eddeo do parto: \u2018Ela \u00e9 igualzinha a mim! Ela \u00e9 igualzinha a mim!\u201c, declarou.<\/p>\n<p>\u201cE assim voc\u00ea iluminou a nossa vida. Transformou tudo. Foi como fechar um livro e come\u00e7ar outro. Porque agora voc\u00ea fazia parte da minha hist\u00f3ria e a minha vida j\u00e1 n\u00e3o fazia mais sentido sem voc\u00ea. Hoje, nos seus 16 anos, eu s\u00f3 consigo agradecer. Agradecer profundamente por voc\u00ea ter me escolhido para ser sua m\u00e3e e por trazer tanto significado e tanto amor para a minha vida\u201c, continuou a atriz.<\/p>\n<p>Por fim, a famosa destacou todo seu amor pela filha: \u201cA sua chegada era exatamente o que eu precisava. Ou melhor: o que eu sempre sonhei. Ent\u00e3o, 16 anos depois, s\u00f3 posso dizer: obrigada. Obrigada por tudo. Obrigada por ser minha filha. Obrigada por ser essa menina maravilhosa que me ensina, me inspira e me enche de amor todos os dias. Te amo infinito, al\u00e9m\u2026 com toda a gratid\u00e3o do meu cora\u00e7\u00e3o. Te amo muito, Luisa\u201c, concluiu Fernanda Rodrigues.<\/p>\n<p>Vale lembrar que al\u00e9m de Luisa Erlanger, Fernanda Rodrigues tamb\u00e9m \u00e9 m\u00e3e de <strong>Bento<\/strong>, de quase 10 anos. Os dois herdeiros s\u00e3o frutos de seu casamento com <strong>Raoni Carneiro<\/strong>.<\/p>\n<p><strong>Leia tamb\u00e9m<\/strong>: <a href=\"https:\/\/caras.com.br\/casa-dos-famosos\/conheca-o-novo-apartamento-de-fernanda-rodrigues-em-portugal.phtml\" rel=\"nofollow noopener\" target=\"_blank\">Conhe\u00e7a o novo apartamento de Fernanda Rodrigues em Portugal<\/a><\/p>\n<p> Veja as fotos de Fernanda Rodrigues com os filhos e o marido: <img loading=\"lazy\" decoding=\"async\" class=\"size-full wp-image-1043061 img-fluid lazy\" alt=\"Fernanda Rodrigues com a filha mais velha, Luisa, ainda na inf\u00e2ncia - Foto: Reprodu\u00e7\u00e3o \/ Instagram @ferodriguesoficial\" width=\"1080\" height=\"1080\" src=\"https:\/\/www.europesays.com\/pt\/wp-content\/uploads\/2025\/12\/fernanda-rodrigues-filha-luisa.jpg\"  \/>Fernanda Rodrigues com a filha mais velha, Luisa, ainda na inf\u00e2ncia \u2013 Foto: Reprodu\u00e7\u00e3o \/ Instagram @ferodriguesoficial <img loading=\"lazy\" decoding=\"async\" class=\"size-full wp-image-1043060 img-fluid lazy\" alt=\"Fernanda Rodrigues com a filha mais velha, Luisa - Foto: Reprodu\u00e7\u00e3o \/ Instagram @ferodriguesoficial\" width=\"1080\" height=\"1440\" src=\"https:\/\/www.europesays.com\/pt\/wp-content\/uploads\/2025\/12\/fernanda-rodrigues-filha-luisa-2.jpg\"  \/>Fernanda Rodrigues com a filha mais velha, Luisa \u2013 Foto: Reprodu\u00e7\u00e3o \/ Instagram @ferodriguesoficial <img loading=\"lazy\" decoding=\"async\" class=\"size-full wp-image-1043064 img-fluid lazy\" alt=\"Fernanda Rodrigues e Raoni Carneiro s\u00e3o pais de Luisa e Bento - Foto: Reprodu\u00e7\u00e3o \/ Instagram @ferodriguesoficial\" width=\"1080\" height=\"1440\" src=\"https:\/\/www.europesays.com\/pt\/wp-content\/uploads\/2025\/12\/fernanda-rodrigues-filhos-e-marido.jpg\"  \/>Fernanda Rodrigues e Raoni Carneiro s\u00e3o pais de Luisa e Bento \u2013 Foto: Reprodu\u00e7\u00e3o \/ Instagram @ferodriguesoficial<\/p>\n<p>        <a href=\"https:\/\/caras.com.br\/autor\/rafaela-oliveira\" rel=\"nofollow noopener\" target=\"_blank\">&#13;<br \/>\n          <img alt=\"Rafaela Oliveira\" src=\"https:\/\/www.europesays.com\/pt\/wp-content\/uploads\/2025\/12\/1765490231_321_49f5322875970d1e29e5ff2c3d4db4418044337871973cc6a09a25acab0e8ff7\"  class=\"avatar avatar-115 photo rounded-circle mr-3\" height=\"115\" width=\"115\" loading=\"lazy\" decoding=\"async\"\/>        <\/a><\/p>\n<p>        <strong>Rafaela Oliveira<\/strong> \u00e9 rep\u00f3rter de conte\u00fado do site CARAS. Formada em jornalismo, j\u00e1 passou por sites como MaisNovela, Portal M\u00e1rcia Piovesan, Purepeople Brasil e Jornal O Dia. Escreve sobre celebridades, TV e reality show. (email: <a href=\"https:\/\/caras.com.br\/cdn-cgi\/l\/email-protection\" class=\"__cf_email__\" data-cfemail=\"176575787b7e61727e65764874787b76755774766576643974787a397565\" rel=\"nofollow noopener\" target=\"_blank\">[email\u00a0protected]<\/a>)<\/p>\n","protected":false},"excerpt":{"rendered":"Dia de festa na casa de Fernanda Rodrigues! A atriz e apresentadora usou as redes sociais nesta quinta-feira,&hellip;\n","protected":false},"author":2,"featured_media":184669,"comment_status":"","ping_status":"","sticky":false,"template":"","format":"standard","meta":{"footnotes":""},"categories":[145],"tags":[211,210,114,115,10189,37578,32,33,37579],"class_list":{"0":"post-184668","1":"post","2":"type-post","3":"status-publish","4":"format-standard","5":"has-post-thumbnail","7":"category-celebridades","8":"tag-celebridades","9":"tag-celebrities","10":"tag-entertainment","11":"tag-entretenimento","12":"tag-fernanda-rodrigues","13":"tag-luisa-erlanger","14":"tag-portugal","15":"tag-pt","16":"tag-raoni-carneiro"},"share_on_mastodon":{"url":"https:\/\/pubeurope.com\/@pt\/115703175483572278","error":""},"_links":{"self":[{"href":"https:\/\/www.europesays.com\/pt\/wp-json\/wp\/v2\/posts\/184668","targetHints":{"allow":["GET"]}}],"collection":[{"href":"https:\/\/www.europesays.com\/pt\/wp-json\/wp\/v2\/posts"}],"about":[{"href":"https:\/\/www.europesays.com\/pt\/wp-json\/wp\/v2\/types\/post"}],"author":[{"embeddable":true,"href":"https:\/\/www.europesays.com\/pt\/wp-json\/wp\/v2\/users\/2"}],"replies":[{"embeddable":true,"href":"https:\/\/www.europesays.com\/pt\/wp-json\/wp\/v2\/comments?post=184668"}],"version-history":[{"count":0,"href":"https:\/\/www.europesays.com\/pt\/wp-json\/wp\/v2\/posts\/184668\/revisions"}],"wp:featuredmedia":[{"embeddable":true,"href":"https:\/\/www.europesays.com\/pt\/wp-json\/wp\/v2\/media\/184669"}],"wp:attachment":[{"href":"https:\/\/www.europesays.com\/pt\/wp-json\/wp\/v2\/media?parent=184668"}],"wp:term":[{"taxonomy":"category","embeddable":true,"href":"https:\/\/www.europesays.com\/pt\/wp-json\/wp\/v2\/categories?post=184668"},{"taxonomy":"post_tag","embeddable":true,"href":"https:\/\/www.europesays.com\/pt\/wp-json\/wp\/v2\/tags?post=184668"}],"curies":[{"name":"wp","href":"https:\/\/api.w.org\/{rel}","templated":true}]}}