{"id":184688,"date":"2025-12-11T22:16:12","date_gmt":"2025-12-11T22:16:12","guid":{"rendered":"https:\/\/www.europesays.com\/pt\/184688\/"},"modified":"2025-12-11T22:16:12","modified_gmt":"2025-12-11T22:16:12","slug":"taylor-swift-se-derrete-por-noivo-travis-kelce-em-entrevista-amor-da-minha-vida","status":"publish","type":"post","link":"https:\/\/www.europesays.com\/pt\/184688\/","title":{"rendered":"Taylor Swift se derrete por noivo, Travis Kelce, em entrevista: &#8211; Amor da minha vida"},"content":{"rendered":"<p>Taylor Swift participou do The Late Show with Stephen Colbert na \u00faltima quarta-feira, dia 10, para promover a s\u00e9rie documental de sua turn\u00ea mundial, The Eras Tour, que chega no Disney + na pr\u00f3xima sexta-feira, dia 12. Durante a entrevista, a cantora comentou sobre os acontecimentos recentes de sua vida, incluindo o noivado com Travis Kelce, jogador de futebol americano, e se derreteu pelo amado.<\/p>\n<p>Al\u00e9m disso,<a href=\"https:\/\/www.estrelando.com.br\/foto\/2025\/12\/13\/relembre-como-foi-o-ano-de-taylor-swift-318990\/foto-1\" rel=\"nofollow noopener\" target=\"_blank\"> a loirinha tamb\u00e9m comemorou ter recuperado todas as suas m\u00fasicas antigas<\/a>, que foram vendidas pela sua gravadora anterior:<\/p>\n<p>&#8211; Ficar noiva do amor da minha vida, recuperar todas as minhas m\u00fasicas. Essas foram duas coisas que talvez nunca tivessem acontecido. Elas poderiam simplesmente nunca ter acontecido. N\u00e3o era como se fosse: Ah, \u00e9 s\u00f3 uma quest\u00e3o de tempo.<\/p>\n<p>Em seguida, Taylor continuou agradecendo por essas duas conquistas:<\/p>\n<p>&#8211; Essas duas coisas poderiam simplesmente nunca ter acontecido na minha vida, e sou muito grata por ambas terem acontecido.<\/p>\n<p>Vale lembrar que <a href=\"https:\/\/www.estrelando.com.br\/nota\/2025\/12\/03\/=travis-kelce-afirma-que-nunca-discutiu-com-taylor-swift-durante-os-dois-anos-e-meio-juntos-318632\" rel=\"nofollow noopener\" target=\"_blank\">Taylor e Travis<\/a> anunciaram o noivado no final de agosto. Os dois postaram um clique rom\u00e2ntico do momento com a legenda:<\/p>\n<p>Sua professora de ingl\u00eas e seu professor de educa\u00e7\u00e3o f\u00edsica v\u00e3o se casar.<\/p>\n<p>Al\u00e9m do <a href=\"https:\/\/www.estrelando.com.br\/foto\/2025\/12\/12\/saiba-o-que-esperar-de-the-end-of-an-era-novo-documentario-de-taylor-swift-318960\/foto-1\" rel=\"nofollow noopener\" target=\"_blank\">document\u00e1rio<\/a>, que mostrar\u00e1 os bastidores, a artista tamb\u00e9m lan\u00e7ar\u00e1 mais um filme, agora mostrando o \u00faltimo show da turn\u00ea que durou dois anos.<\/p>\n<p><img decoding=\"async\" class=\"ta-insert-video\" src=\"https:\/\/www.europesays.com\/pt\/wp-content\/uploads\/2025\/12\/1765491372_139_hqdefault.jpg\" ta-insert-video=\"https:\/\/www.youtube.com\/embed\/qtyzac0JbS4\" contenteditable=\"false\" allowfullscreen=\"true\" frameborder=\"0\"\/><\/p>\n","protected":false},"excerpt":{"rendered":"Taylor Swift participou do The Late Show with Stephen Colbert na \u00faltima quarta-feira, dia 10, para promover a&hellip;\n","protected":false},"author":2,"featured_media":184689,"comment_status":"","ping_status":"","sticky":false,"template":"","format":"standard","meta":{"footnotes":""},"categories":[141],"tags":[211,1902,114,115,1899,980,1905,1650,149,150,13,1898,32,33,1904,1903,1900,1906,941,1901],"class_list":{"0":"post-184688","1":"post","2":"type-post","3":"status-publish","4":"format-standard","5":"has-post-thumbnail","7":"category-musica","8":"tag-celebridades","9":"tag-enquetes","10":"tag-entertainment","11":"tag-entretenimento","12":"tag-estilo","13":"tag-famosos","14":"tag-foruns","15":"tag-fotos","16":"tag-music","17":"tag-musica","18":"tag-noticias","19":"tag-perfis","20":"tag-portugal","21":"tag-pt","22":"tag-quizes","23":"tag-rakings","24":"tag-realities","25":"tag-red-carpet","26":"tag-series","27":"tag-teens"},"share_on_mastodon":{"url":"https:\/\/pubeurope.com\/@pt\/115703250295514631","error":""},"_links":{"self":[{"href":"https:\/\/www.europesays.com\/pt\/wp-json\/wp\/v2\/posts\/184688","targetHints":{"allow":["GET"]}}],"collection":[{"href":"https:\/\/www.europesays.com\/pt\/wp-json\/wp\/v2\/posts"}],"about":[{"href":"https:\/\/www.europesays.com\/pt\/wp-json\/wp\/v2\/types\/post"}],"author":[{"embeddable":true,"href":"https:\/\/www.europesays.com\/pt\/wp-json\/wp\/v2\/users\/2"}],"replies":[{"embeddable":true,"href":"https:\/\/www.europesays.com\/pt\/wp-json\/wp\/v2\/comments?post=184688"}],"version-history":[{"count":0,"href":"https:\/\/www.europesays.com\/pt\/wp-json\/wp\/v2\/posts\/184688\/revisions"}],"wp:featuredmedia":[{"embeddable":true,"href":"https:\/\/www.europesays.com\/pt\/wp-json\/wp\/v2\/media\/184689"}],"wp:attachment":[{"href":"https:\/\/www.europesays.com\/pt\/wp-json\/wp\/v2\/media?parent=184688"}],"wp:term":[{"taxonomy":"category","embeddable":true,"href":"https:\/\/www.europesays.com\/pt\/wp-json\/wp\/v2\/categories?post=184688"},{"taxonomy":"post_tag","embeddable":true,"href":"https:\/\/www.europesays.com\/pt\/wp-json\/wp\/v2\/tags?post=184688"}],"curies":[{"name":"wp","href":"https:\/\/api.w.org\/{rel}","templated":true}]}}