{"id":184704,"date":"2025-12-11T22:29:08","date_gmt":"2025-12-11T22:29:08","guid":{"rendered":"https:\/\/www.europesays.com\/pt\/184704\/"},"modified":"2025-12-11T22:29:08","modified_gmt":"2025-12-11T22:29:08","slug":"nao-ve-os-proprios-programas-e-o-motivo-e-surpreendente","status":"publish","type":"post","link":"https:\/\/www.europesays.com\/pt\/184704\/","title":{"rendered":"N\u00e3o v\u00ea os pr\u00f3prios programas e o motivo \u00e9\u2026 surpreendente!"},"content":{"rendered":"<p><strong>Manuel Lu\u00eds Goucha<\/strong> apresenta programas do pequeno ecr\u00e3 h\u00e1 mais de quatro d\u00e9cadas, mas nunca se v\u00ea a si pr\u00f3prio. De todos os desafios, esse parece mesmo ser o maior.<\/p>\n<p>O motivo \u00e9 surpreendente!<\/p>\n<p>\u201cN\u00e3o me vejo a mim, sequer, porque acho que est\u00e1 tudo errado, n\u00e3o gosto de me ver\u201d, contou, tal como conta \u00e0 Selfie.<\/p>\n<p>Texto: Maria Constan\u00e7a Castanheira; Fotos: Redes Sociais<\/p>\n<blockquote id=\"s-blockquote-embed-693\" data-secret=\"2cbriIIoSe\">\n<p><a href=\"https:\/\/sapo.pt\/artigo\/revelados-todos-os-planos-para-o-natal-fora-de-portugal-6935efb99fa77d3979b65e85\" rel=\"nofollow noopener\" target=\"_blank\">Revelados todos os planos para o Natal\u2026 fora de Portugal!<\/a><\/p>\n<\/blockquote>\n","protected":false},"excerpt":{"rendered":"Manuel Lu\u00eds Goucha apresenta programas do pequeno ecr\u00e3 h\u00e1 mais de quatro d\u00e9cadas, mas nunca se v\u00ea a&hellip;\n","protected":false},"author":2,"featured_media":57481,"comment_status":"","ping_status":"","sticky":false,"template":"","format":"standard","meta":{"footnotes":""},"categories":[142],"tags":[114,115,32,33,151],"class_list":{"0":"post-184704","1":"post","2":"type-post","3":"status-publish","4":"format-standard","5":"has-post-thumbnail","7":"category-tv","8":"tag-entertainment","9":"tag-entretenimento","10":"tag-portugal","11":"tag-pt","12":"tag-tv"},"share_on_mastodon":{"url":"https:\/\/pubeurope.com\/@pt\/115703300924522901","error":""},"_links":{"self":[{"href":"https:\/\/www.europesays.com\/pt\/wp-json\/wp\/v2\/posts\/184704","targetHints":{"allow":["GET"]}}],"collection":[{"href":"https:\/\/www.europesays.com\/pt\/wp-json\/wp\/v2\/posts"}],"about":[{"href":"https:\/\/www.europesays.com\/pt\/wp-json\/wp\/v2\/types\/post"}],"author":[{"embeddable":true,"href":"https:\/\/www.europesays.com\/pt\/wp-json\/wp\/v2\/users\/2"}],"replies":[{"embeddable":true,"href":"https:\/\/www.europesays.com\/pt\/wp-json\/wp\/v2\/comments?post=184704"}],"version-history":[{"count":0,"href":"https:\/\/www.europesays.com\/pt\/wp-json\/wp\/v2\/posts\/184704\/revisions"}],"wp:featuredmedia":[{"embeddable":true,"href":"https:\/\/www.europesays.com\/pt\/wp-json\/wp\/v2\/media\/57481"}],"wp:attachment":[{"href":"https:\/\/www.europesays.com\/pt\/wp-json\/wp\/v2\/media?parent=184704"}],"wp:term":[{"taxonomy":"category","embeddable":true,"href":"https:\/\/www.europesays.com\/pt\/wp-json\/wp\/v2\/categories?post=184704"},{"taxonomy":"post_tag","embeddable":true,"href":"https:\/\/www.europesays.com\/pt\/wp-json\/wp\/v2\/tags?post=184704"}],"curies":[{"name":"wp","href":"https:\/\/api.w.org\/{rel}","templated":true}]}}