{"id":184707,"date":"2025-12-11T22:32:08","date_gmt":"2025-12-11T22:32:08","guid":{"rendered":"https:\/\/www.europesays.com\/pt\/184707\/"},"modified":"2025-12-11T22:32:08","modified_gmt":"2025-12-11T22:32:08","slug":"fc-porto-vence-e-garante-continuidade-na-liga-europa","status":"publish","type":"post","link":"https:\/\/www.europesays.com\/pt\/184707\/","title":{"rendered":"FC Porto vence e garante continuidade na Liga Europa"},"content":{"rendered":"<p itemprop=\"description\" class=\"article-lead\">\n      O FC Porto recebeu e venceu no Est\u00e1dio do Drag\u00e3o os suecos do Malm\u00f6, por 2-1, com dois golos do espanhol Samu, em jogo da sexta jornada da Liga Europa.&#13;<\/p>\n<p itemprop=\"text\" class=\"article-body\">\n      O FC Porto tomou conta da posse de bola nos momentos iniciais e Martim Fernandes deu o primeiro sinal de verdadeiro perigo. Disparo potente do lateral para defesa apertada de Olsen, para canto.<\/p>\n<p>Na resposta, e ap\u00f3s alguma atrapalha\u00e7\u00e3o na \u00e1rea portista, o guarda-redes e capit\u00e3o Diogo Costa respondeu com uma excelente interven\u00e7\u00e3o a um remate fort\u00edssimo e de ressaca de Skogmar do Malm\u00f6.<\/p>\n<p>No minuto seguinte esteve \u00e0 vista o primeiro golo do FC Porto. Cruzamento com conta peso e medida de Rodrigo Mora para o cabeceamento de Froholdt com Robin Olsen, atento, a ir ao relvado segurar. \u00c0 passagem do minuto 20, de novo grande trabalho de Rodrigo Mora, a tirar um defesa do caminho com classe e a servir Borja Sainz, que atirou em arco para enorme defesa de Robin Olsen.<\/p>\n<p>O FC Porto carregava e Samu teve uma ocasi\u00e3o soberana para inaugurar o marcador. Pep\u00ea no corredor central a picar a bola para o avan\u00e7ado, mas o espanhol, isolado perante Olsen, optou por fazer o chap\u00e9u, s\u00f3 que a envergadura do internacional sueco antecipou o movimento e conseguiu segurar a bola. <\/p>\n<p>Ao minuto 30, o FC Porto marcava por interm\u00e9dio de Samu. Bom trabalho de Rodrigo Mora a centrar para o cabeceamento certeiro do ponta de lan\u00e7a espanhol. Cinco minutos volvidos, Samu voltava a marcar. Grande lance coletivo dos drag\u00f5es, que come\u00e7ou numa troca de bola entre Rosario e Mora. O jovem criativo portista deixou para Pep\u00ea, que cruzou tenso para a grande \u00e1rea. Ao segundo poste surgiu Borja Sainz que endossou para Samu rodar, disparar e bisar na partida.<\/p>\n<p>Nos descontos da primeira parte, mais uma vez Rodrigo Mora com um cruzamento milim\u00e9trico para Froholdt atirar ligeiramente ao lado da balizo de Robin Olsen.<\/p>\n<p>O FC Porto vencia (2-0) ao intervalo, uma vantagem plenamente justificada e obtida \u00e0 custa de Samu, que bisou, e \u00e0 excelente exibi\u00e7\u00e3o do jovem Rodrigo Mora que pareceu estar em todo a campo. O Malm\u00f6 s\u00f3 criou perigo na sequ\u00eancia de erros defensivos dos azuis e brancos.<\/p>\n<p>No segundo tempo o FC Porto continuou a dominar o jogo a seu bel-prazer e o treinador Francesco Farioli aproveitou o facto de estar a ganhar por dois golos de diferen\u00e7a e gerir a equipa. Fez entrar Eust\u00e1quio e e Deniz Gul para os lugares de Rodrigo Mora e Samu.<\/p>\n<p>Mas antes, Borja Sainz teve a hip\u00f3tese de fazer o terceiro golo portista. O espanhol perdeu algum tempo na \u00e1rea, depois de receber a bola de Rodrigo Mora, e disparou ao lado. Farioli voltou a mexer no xadrez da equipa. Pep\u00ea e Martim Fernandes cederam os respetivos lugares. Entram William Gomes e Alberto Costa.<\/p>\n<p>O rec\u00e9m entrado William Gomes, no seu movimento t\u00edpico da direita para dentro, penetrou na grande \u00e1rea e rematou para Robin Olsen encaixar. Pouco depois, duas grandes oportunidades para o FC Porto negadas pelo guarda-redes do Malm\u00f6. Primeiro com uma grande defesa a remate de cabe\u00e7a de Froholdt, depois novamente espetacular defesa de Robin Olsen junto ao relvado a cabeceamento de Deniz Gul.<\/p>\n<p>No \u00faltimo suspiro da partida surgiu o golo do Malmo. Livre batido para a \u00e1rea, Alberto Costa fez um corte atabalhoado e, ap\u00f3s ressalto vindo do poste, Moura introduziu a bola na pr\u00f3pria baliza.<\/p>\n<p>O FC Porto vence o Malm\u00f6 na Liga Europa e est\u00e1 no oitavo lugar da classifica\u00e7\u00e3o. Com 13 pontos, os drag\u00f5es j\u00e1 n\u00e3o cair\u00e3o para fora da zona de apuramento. Contra Plzen e Rangers, em janeiro, a equipa de Farioli vai tentar carimbar o apuramento direto para os oitavos de final.&#13;\n    <\/p>\n","protected":false},"excerpt":{"rendered":"O FC Porto recebeu e venceu no Est\u00e1dio do Drag\u00e3o os suecos do Malm\u00f6, por 2-1, com dois&hellip;\n","protected":false},"author":2,"featured_media":184708,"comment_status":"","ping_status":"","sticky":false,"template":"","format":"standard","meta":{"footnotes":""},"categories":[87],"tags":[135,13,32,33,420,421,134],"class_list":{"0":"post-184707","1":"post","2":"type-post","3":"status-publish","4":"format-standard","5":"has-post-thumbnail","7":"category-desporto","8":"tag-desporto","9":"tag-noticias","10":"tag-portugal","11":"tag-pt","12":"tag-rtp","13":"tag-rtp-noticias","14":"tag-sports"},"share_on_mastodon":{"url":"https:\/\/pubeurope.com\/@pt\/115703312979425090","error":""},"_links":{"self":[{"href":"https:\/\/www.europesays.com\/pt\/wp-json\/wp\/v2\/posts\/184707","targetHints":{"allow":["GET"]}}],"collection":[{"href":"https:\/\/www.europesays.com\/pt\/wp-json\/wp\/v2\/posts"}],"about":[{"href":"https:\/\/www.europesays.com\/pt\/wp-json\/wp\/v2\/types\/post"}],"author":[{"embeddable":true,"href":"https:\/\/www.europesays.com\/pt\/wp-json\/wp\/v2\/users\/2"}],"replies":[{"embeddable":true,"href":"https:\/\/www.europesays.com\/pt\/wp-json\/wp\/v2\/comments?post=184707"}],"version-history":[{"count":0,"href":"https:\/\/www.europesays.com\/pt\/wp-json\/wp\/v2\/posts\/184707\/revisions"}],"wp:featuredmedia":[{"embeddable":true,"href":"https:\/\/www.europesays.com\/pt\/wp-json\/wp\/v2\/media\/184708"}],"wp:attachment":[{"href":"https:\/\/www.europesays.com\/pt\/wp-json\/wp\/v2\/media?parent=184707"}],"wp:term":[{"taxonomy":"category","embeddable":true,"href":"https:\/\/www.europesays.com\/pt\/wp-json\/wp\/v2\/categories?post=184707"},{"taxonomy":"post_tag","embeddable":true,"href":"https:\/\/www.europesays.com\/pt\/wp-json\/wp\/v2\/tags?post=184707"}],"curies":[{"name":"wp","href":"https:\/\/api.w.org\/{rel}","templated":true}]}}