{"id":184769,"date":"2025-12-11T23:30:09","date_gmt":"2025-12-11T23:30:09","guid":{"rendered":"https:\/\/www.europesays.com\/pt\/184769\/"},"modified":"2025-12-11T23:30:09","modified_gmt":"2025-12-11T23:30:09","slug":"documentario-recordar-o-25-de-novembro-estreia-com-nuno-melo","status":"publish","type":"post","link":"https:\/\/www.europesays.com\/pt\/184769\/","title":{"rendered":"Document\u00e1rio \u2018Recordar o 25 de Novembro\u2019 estreia com Nuno Melo"},"content":{"rendered":"<p>O Ministro da Defesa Nacional, Nuno Melo, marcou presen\u00e7a esta quarta-feira (10) \u00e0 noite no Cinema S\u00e3o Jorge, em Lisboa, para a estreia oficial do document\u00e1rio &#8220;Recordar o 25 de novembro&#8221;. A pel\u00edcula visa revisitar os momentos decisivos que marcaram a estabiliza\u00e7\u00e3o democr\u00e1tica em Portugal.<\/p>\n<p>A obra cinematogr\u00e1fica, com uma dura\u00e7\u00e3o aproximada de 43 minutos, foca-se nos acontecimentos que sucederam ao &#8220;Ver\u00e3o Quente&#8221; de 1975. A narrativa acompanha a a\u00e7\u00e3o do grupo de militares moderados que, atrav\u00e9s das opera\u00e7\u00f5es do 25 de Novembro, procurou colocar um ponto final na instabilidade pol\u00edtica da altura, contribuindo decisivamente para a consolida\u00e7\u00e3o das conquistas do 25 de Abril de 1974.<\/p>\n<p>Produzido pelo pr\u00f3prio Minist\u00e9rio da Defesa Nacional, o document\u00e1rio integra as iniciativas da Comiss\u00e3o para as comemora\u00e7\u00f5es do 50.\u00ba anivers\u00e1rio do 25 de Novembro. Para a realiza\u00e7\u00e3o do filme, foi estabelecida uma parceria com a RTP, que cedeu imagens de arquivo da \u00e9poca, permitindo uma reconstru\u00e7\u00e3o hist\u00f3rica fiel, segundo comunicado do MDN enviado ao DN.<\/p>\n<p>Entre os pontos altos do document\u00e1rio destacam-se as entrevistas a dez personalidades relevantes da sociedade portuguesa. O principal destaque recai sobre o depoimento do general Ant\u00f3nio Ramalho Eanes, antigo Presidente da Rep\u00fablica e figura central nos eventos retratados, que analisa o impacto duradouro desta data na sociedade portuguesa.<\/p>\n","protected":false},"excerpt":{"rendered":"O Ministro da Defesa Nacional, Nuno Melo, marcou presen\u00e7a esta quarta-feira (10) \u00e0 noite no Cinema S\u00e3o Jorge,&hellip;\n","protected":false},"author":2,"featured_media":184770,"comment_status":"","ping_status":"","sticky":false,"template":"","format":"standard","meta":{"footnotes":""},"categories":[140],"tags":[23642,2537,114,115,147,148,146,7219,32,33],"class_list":{"0":"post-184769","1":"post","2":"type-post","3":"status-publish","4":"format-standard","5":"has-post-thumbnail","7":"category-filmes","8":"tag-25-de-novembro","9":"tag-defesa","10":"tag-entertainment","11":"tag-entretenimento","12":"tag-film","13":"tag-filmes","14":"tag-movies","15":"tag-nuno-melo","16":"tag-portugal","17":"tag-pt"},"share_on_mastodon":{"url":"https:\/\/pubeurope.com\/@pt\/115703540949590888","error":""},"_links":{"self":[{"href":"https:\/\/www.europesays.com\/pt\/wp-json\/wp\/v2\/posts\/184769","targetHints":{"allow":["GET"]}}],"collection":[{"href":"https:\/\/www.europesays.com\/pt\/wp-json\/wp\/v2\/posts"}],"about":[{"href":"https:\/\/www.europesays.com\/pt\/wp-json\/wp\/v2\/types\/post"}],"author":[{"embeddable":true,"href":"https:\/\/www.europesays.com\/pt\/wp-json\/wp\/v2\/users\/2"}],"replies":[{"embeddable":true,"href":"https:\/\/www.europesays.com\/pt\/wp-json\/wp\/v2\/comments?post=184769"}],"version-history":[{"count":0,"href":"https:\/\/www.europesays.com\/pt\/wp-json\/wp\/v2\/posts\/184769\/revisions"}],"wp:featuredmedia":[{"embeddable":true,"href":"https:\/\/www.europesays.com\/pt\/wp-json\/wp\/v2\/media\/184770"}],"wp:attachment":[{"href":"https:\/\/www.europesays.com\/pt\/wp-json\/wp\/v2\/media?parent=184769"}],"wp:term":[{"taxonomy":"category","embeddable":true,"href":"https:\/\/www.europesays.com\/pt\/wp-json\/wp\/v2\/categories?post=184769"},{"taxonomy":"post_tag","embeddable":true,"href":"https:\/\/www.europesays.com\/pt\/wp-json\/wp\/v2\/tags?post=184769"}],"curies":[{"name":"wp","href":"https:\/\/api.w.org\/{rel}","templated":true}]}}