{"id":184799,"date":"2025-12-11T23:56:10","date_gmt":"2025-12-11T23:56:10","guid":{"rendered":"https:\/\/www.europesays.com\/pt\/184799\/"},"modified":"2025-12-11T23:56:10","modified_gmt":"2025-12-11T23:56:10","slug":"eis-o-ranking-uefa-depois-das-vitorias-do-fc-porto-e-do-braga-na-europa-league","status":"publish","type":"post","link":"https:\/\/www.europesays.com\/pt\/184799\/","title":{"rendered":"Eis o Ranking UEFA depois das vit\u00f3rias do FC Porto e do Braga na Europa League"},"content":{"rendered":"<p>&#8211; Advertisement &#8211;<\/p>\n<p><strong>Portugal somou tantos pontos como podia esta quinta-feira europeia. Tanto o FC Porto como o Braga venceram os seus jogos na Europa League.<\/strong><\/p>\n<p>Melhor, s\u00f3 se houvesse tamb\u00e9m equipas a pontuar na Conference League. Nesta quinta-feira, <a href=\"https:\/\/bolanarede.pt\/especial-bola-na-rede\/atualidade\/braga-vence-nice-e-esta-em-zona-de-apuramento-direto-na-europa-league-e-coloca-franceses-fora-da-competicao\/\" target=\"_blank\" rel=\"noreferrer noopener nofollow\">o Braga venceu o Nice<\/a>,<a href=\"https:\/\/bolanarede.pt\/especial-bola-na-rede\/atualidade\/fc-porto-derrota-malmo-e-da-um-passo-firme-rumo-aos-oitavos-de-final-da-europa-league\/\" target=\"_blank\" rel=\"noreferrer noopener nofollow\"> o FC Porto derrotou o Malmo <\/a>e Portugal somou pontos importantes no Ranking UEFA.<\/p>\n<p>As duas vit\u00f3rias somaram, em conjunto 0.800 pontos para Portugal no Ranking UEFA. Os Pa\u00edses Baixos somaram apenas 0.333 pontos, em virtude da vit\u00f3ria do AZ Alkmaar, e a B\u00e9lgica n\u00e3o pontuou. Foi um dia de distanciamento para Portugal no Ranking UEFA.<\/p>\n<p>Com estes pontos, a dist\u00e2ncia para os Pa\u00edses Baixos \u00e9 agora de pouco mais de 2.000 pontos. Para a B\u00e9lgica, Portugal j\u00e1 cavou mais de 5.000 pontos, um valor consider\u00e1vel.<\/p>\n<p><strong>Eis a corrida pelo 6.\u00ba lugar:<\/strong><\/p>\n<ul class=\"wp-block-list\">\n<li>6.\u00ba: Pa\u00edses Baixos, 65.366<\/li>\n<li>7.\u00ba: Portugal, 63.266<\/li>\n<li>8.\u00ba: B\u00e9lgica, 57.750<\/li>\n<\/ul>\n<p><img fetchpriority=\"high\" decoding=\"async\" width=\"819\" height=\"1024\" src=\"data:image\/svg+xml,%3Csvg%20xmlns=\" http:=\"\" alt=\"Ranking UEFA\" class=\"wp-image-465509 ewww_webp_lazy_load\" data-lazy- data-lazy- data-lazy-src=\"https:\/\/www.europesays.com\/pt\/wp-content\/uploads\/2025\/12\/Ranking-UEFA-2-819x1024.jpg\" data-lazy-src-webp=\"https:\/\/www.europesays.com\/pt\/wp-content\/uploads\/2025\/12\/Ranking-UEFA-2-819x1024.jpg.webp\" data-lazy-srcset-webp=\"https:\/\/www.europesays.com\/pt\/wp-content\/uploads\/2025\/12\/Ranking-UEFA-2-819x1024.jpg.webp 819w, https:\/\/binny-bolanarede.b-cdn.net\/wp-content\/uploads\/2025\/12\/Ranking-UEFA-2-240x300.jpg.webp 240w, https:\/\/binny-bolanarede.b-cdn.net\/wp-content\/uploads\/2025\/12\/Ranking-UEFA-2-768x960.jpg.webp 768w, https:\/\/binny-bolanarede.b-cdn.net\/wp-content\/uploads\/2025\/12\/Ranking-UEFA-2-1229x1536.jpg.webp 1229w, https:\/\/binny-bolanarede.b-cdn.net\/wp-content\/uploads\/2025\/12\/Ranking-UEFA-2-150x188.jpg.webp 150w, https:\/\/binny-bolanarede.b-cdn.net\/wp-content\/uploads\/2025\/12\/Ranking-UEFA-2-300x375.jpg.webp 300w, https:\/\/binny-bolanarede.b-cdn.net\/wp-content\/uploads\/2025\/12\/Ranking-UEFA-2-696x870.jpg.webp 696w, https:\/\/binny-bolanarede.b-cdn.net\/wp-content\/uploads\/2025\/12\/Ranking-UEFA-2-1068x1335.jpg.webp 1068w, https:\/\/binny-bolanarede.b-cdn.net\/wp-content\/uploads\/2025\/12\/Ranking-UEFA-2.jpg.webp 1536w\"\/>Fonte: Footy Rankings<\/p>\n","protected":false},"excerpt":{"rendered":"&#8211; Advertisement &#8211; Portugal somou tantos pontos como podia esta quinta-feira europeia. Tanto o FC Porto como o&hellip;\n","protected":false},"author":2,"featured_media":184800,"comment_status":"","ping_status":"","sticky":false,"template":"","format":"standard","meta":{"footnotes":""},"categories":[8],"tags":[260,1912,27,28,478,9925,282,15,16,14,25,26,21,22,12,13,19,20,32,23,24,33,17,18,29,30,31],"class_list":{"0":"post-184799","1":"post","2":"type-post","3":"status-publish","4":"format-standard","5":"has-post-thumbnail","7":"category-principais-noticias","8":"tag-atualidade","9":"tag-braga","10":"tag-breaking-news","11":"tag-breakingnews","12":"tag-destaques-bnr","13":"tag-europa-league","14":"tag-fc-porto","15":"tag-featured-news","16":"tag-featurednews","17":"tag-headlines","18":"tag-latest-news","19":"tag-latestnews","20":"tag-main-news","21":"tag-mainnews","22":"tag-news","23":"tag-noticias","24":"tag-noticias-principais","25":"tag-noticiasprincipais","26":"tag-portugal","27":"tag-principais-noticias","28":"tag-principaisnoticias","29":"tag-pt","30":"tag-top-stories","31":"tag-topstories","32":"tag-ultimas","33":"tag-ultimas-noticias","34":"tag-ultimasnoticias"},"share_on_mastodon":{"url":"https:\/\/pubeurope.com\/@pt\/115703643207655964","error":""},"_links":{"self":[{"href":"https:\/\/www.europesays.com\/pt\/wp-json\/wp\/v2\/posts\/184799","targetHints":{"allow":["GET"]}}],"collection":[{"href":"https:\/\/www.europesays.com\/pt\/wp-json\/wp\/v2\/posts"}],"about":[{"href":"https:\/\/www.europesays.com\/pt\/wp-json\/wp\/v2\/types\/post"}],"author":[{"embeddable":true,"href":"https:\/\/www.europesays.com\/pt\/wp-json\/wp\/v2\/users\/2"}],"replies":[{"embeddable":true,"href":"https:\/\/www.europesays.com\/pt\/wp-json\/wp\/v2\/comments?post=184799"}],"version-history":[{"count":0,"href":"https:\/\/www.europesays.com\/pt\/wp-json\/wp\/v2\/posts\/184799\/revisions"}],"wp:featuredmedia":[{"embeddable":true,"href":"https:\/\/www.europesays.com\/pt\/wp-json\/wp\/v2\/media\/184800"}],"wp:attachment":[{"href":"https:\/\/www.europesays.com\/pt\/wp-json\/wp\/v2\/media?parent=184799"}],"wp:term":[{"taxonomy":"category","embeddable":true,"href":"https:\/\/www.europesays.com\/pt\/wp-json\/wp\/v2\/categories?post=184799"},{"taxonomy":"post_tag","embeddable":true,"href":"https:\/\/www.europesays.com\/pt\/wp-json\/wp\/v2\/tags?post=184799"}],"curies":[{"name":"wp","href":"https:\/\/api.w.org\/{rel}","templated":true}]}}