{"id":184801,"date":"2025-12-11T23:57:12","date_gmt":"2025-12-11T23:57:12","guid":{"rendered":"https:\/\/www.europesays.com\/pt\/184801\/"},"modified":"2025-12-11T23:57:12","modified_gmt":"2025-12-11T23:57:12","slug":"marido-de-isabel-veloso-preocupa-os-fas-noticias-nao-muito-boas","status":"publish","type":"post","link":"https:\/\/www.europesays.com\/pt\/184801\/","title":{"rendered":"Marido de Isabel Veloso preocupa os f\u00e3s: \u2018Not\u00edcias n\u00e3o muito boas\u2019"},"content":{"rendered":"<p>Marido da influencer <strong>Isabel Veloso<\/strong>, <strong>Lucas Borbas<\/strong> preocupou os f\u00e3s da esposa ao contar que n\u00e3o recebeu not\u00edcias boas sobre ela e precisou fazer uma viagem \u00e0s pressas. Ele embarcou para Curitiba, que \u00e9 a cidade onde ela est\u00e1 internada na UTI, para reencontr\u00e1-la.<\/p>\n<p>No entanto, o rapaz n\u00e3o revelou mais detalhes sobre o que aconteceu para precisar fazer a viagem. Ele apenas pediu por ora\u00e7\u00f5es e agradeceu pelo carinho dos internautas com a fam\u00edlia enquanto ela est\u00e1 internada.<\/p>\n<p>\u201cHoje pela tarde recebi algumas not\u00edcias n\u00e3o muito boas sobre a Isabel, e por isso estou voltando para Curitiba. N\u00e3o quero entrar em detalhes, mas pe\u00e7o ora\u00e7\u00e3o a todos que sempre nos acolheram com tanto carinho. Agrade\u00e7o, de verdade, a cada pessoa que tem feito tanto por n\u00f3s \u2013 em sil\u00eancio, em ora\u00e7\u00e3o, em gestos, em palavras. Seguimos firmes, com f\u00e9, e acreditando que Deus est\u00e1 conosco em cada passo\u201c, disse ele.<\/p>\n<p> <img loading=\"lazy\" decoding=\"async\" class=\"wp-image-1043148 size-full img-fluid lazy\" alt=\"Post de Lucas Borbas - Foto: Reprodu\u00e7\u00e3o \/ Instagram\" width=\"780\" height=\"1372\" src=\"https:\/\/www.europesays.com\/pt\/wp-content\/uploads\/2025\/12\/post-de-lucas-borbas.jpg\"  \/>Post de Lucas Borbas \u2013 Foto: Reprodu\u00e7\u00e3o \/ Instagram O que aconteceu com Isabel Veloso? <\/p>\n<p>A influencer Isabel Veloso luta contra o c\u00e2ncer do tipo linfoma de Hodgkin desde os 15 anos. Ela fez um transplante de medula \u00f3ssea em novembro, mas teve uma piora em seu quadro de sa\u00fade e precisou ser internada.<\/p>\n<p>Ela apresentou sintomas respirat\u00f3rios e foi intubada. Desde ent\u00e3o, ela est\u00e1 na UTI para se recuperar de uma pneumonia.<\/p>\n<p> A luta de Isabel Veloso sobre o c\u00e2ncer <\/p>\n<p>A influenciadora digital Isabel Veloso, de 19 anos, comove e inspira milh\u00f5es de seguidores ao compartilhar sua intensa jornada de luta contra o c\u00e2ncer. Recentemente, a jovem celebrou a entrada da doen\u00e7a em remiss\u00e3o e deu um passo crucial em seu tratamento: a realiza\u00e7\u00e3o de um segundo transplante de medula \u00f3ssea.<\/p>\n<p> O diagn\u00f3stico e a luta <\/p>\n<p>Isabel foi diagnosticada com Linfoma de Hodgkin, um c\u00e2ncer do sistema linf\u00e1tico, em 2021, quando tinha apenas 15 anos. A doen\u00e7a se mostrou refrat\u00e1ria, resistindo a diversos tratamentos, e chegou a um est\u00e1gio avan\u00e7ado.<\/p>\n<p>Em janeiro de 2024, ap\u00f3s a doen\u00e7a n\u00e3o ter respondido a um primeiro transplante, a influenciadora recebeu o diagn\u00f3stico de que o c\u00e2ncer era incur\u00e1vel e optou por cuidados paliativos. Na \u00e9poca, ela chegou a relatar a estimativa de vida de poucos meses.<\/p>\n<p>\t A maternidade <\/p>\n<p>Em meio \u00e0 luta, Isabel deu \u00e0 luz seu primeiro filho, Arthur, em dezembro de 2024. A maternidade se tornou um motor de esperan\u00e7a. Em maio de 2025, a jovem surpreendeu a todos ao anunciar a remiss\u00e3o completa do c\u00e2ncer, ap\u00f3s um novo ciclo de imunoterapia que havia conseguido na Justi\u00e7a.<\/p>\n<p>Remiss\u00e3o \u00e9 a redu\u00e7\u00e3o ou desaparecimento total dos sinais e sintomas da doen\u00e7a, embora n\u00e3o signifique necessariamente a cura imediata, que s\u00f3 \u00e9 considerada ap\u00f3s um per\u00edodo de cinco anos sem sinais de recorr\u00eancia. A influenciadora atribuiu a melhora em seu quadro e o novo tratamento \u00e0 sua motiva\u00e7\u00e3o em poder ver o filho crescer.<\/p>\n<p> Novo transplante de medula <\/p>\n<p>Com o c\u00e2ncer em remiss\u00e3o, a equipe m\u00e9dica de Isabel decidiu avan\u00e7ar para um segundo transplante de medula \u00f3ssea, desta vez um procedimento alog\u00eanico, em que as c\u00e9lulas-tronco v\u00eam de um doador. O doador escolhido foi o pai de Isabel, Joelson Veloso, que apresentou 60% de compatibilidade. Ele foi o selecionado em detrimento de outros membros da fam\u00edlia que tinham 50%, e a prefer\u00eancia por doadores do sexo masculino tamb\u00e9m pesou, devido \u00e0 aus\u00eancia do horm\u00f4nio da gesta\u00e7\u00e3o.<\/p>\n<p>O procedimento foi marcado para o dia 24 de outubro de 2025. Antes, Isabel passou por um novo ciclo de quimioterapia e radioterapia para preparar seu corpo.<\/p>\n<p>\u00a0<\/p>\n<p>        <a href=\"https:\/\/caras.com.br\/autor\/priscilla-comoti\" rel=\"nofollow noopener\" target=\"_blank\">&#13;<br \/>\n          <img alt=\"Priscilla Comoti\" src=\"https:\/\/www.europesays.com\/pt\/wp-content\/uploads\/2025\/12\/1765497432_43_e53883bdf02c542f6517b68879e8cb08b27a1d55c4dfd53577e47d3ab6331a06\"  class=\"avatar avatar-115 photo rounded-circle mr-3\" height=\"115\" width=\"115\" loading=\"lazy\" decoding=\"async\"\/>        <\/a><\/p>\n<p>Priscilla Comoti \u00e9 editora de conte\u00fado do site CARAS. Ela \u00e9 formada em jornalismo e em audiovisual, j\u00e1 passou pelos sites Contigo!, Minha Novela, TiTiTi, Mais Novela e Portal M\u00e1rcia Piovesan. Escreve sobre celebridades, not\u00edcias sobre a fam\u00edlia real brit\u00e2nica, TV, reality show e novelas.<\/p>\n<ul class=\"terms-list post_tag list-inline\">\n<li class=\"isabel-veloso list-inline-item\">\n\t\t\t\t\t<a href=\"https:\/\/caras.com.br\/tags\/isabel-veloso\" class=\"item-category\" rel=\"nofollow noopener\" target=\"_blank\">Isabel Veloso<\/a>\n\t\t\t\t<\/li>\n<li class=\"lucas-borbas list-inline-item\">\n\t\t\t\t\t<a href=\"https:\/\/caras.com.br\/tags\/lucas-borbas\" class=\"item-category\" rel=\"nofollow noopener\" target=\"_blank\">Lucas Borbas<\/a>\n\t\t\t\t<\/li>\n<\/ul>\n","protected":false},"excerpt":{"rendered":"Marido da influencer Isabel Veloso, Lucas Borbas preocupou os f\u00e3s da esposa ao contar que n\u00e3o recebeu not\u00edcias&hellip;\n","protected":false},"author":2,"featured_media":184802,"comment_status":"","ping_status":"","sticky":false,"template":"","format":"standard","meta":{"footnotes":""},"categories":[145],"tags":[211,210,114,115,7733,37619,32,33],"class_list":{"0":"post-184801","1":"post","2":"type-post","3":"status-publish","4":"format-standard","5":"has-post-thumbnail","7":"category-celebridades","8":"tag-celebridades","9":"tag-celebrities","10":"tag-entertainment","11":"tag-entretenimento","12":"tag-isabel-veloso","13":"tag-lucas-borbas","14":"tag-portugal","15":"tag-pt"},"share_on_mastodon":{"url":"https:\/\/pubeurope.com\/@pt\/115703647317697442","error":""},"_links":{"self":[{"href":"https:\/\/www.europesays.com\/pt\/wp-json\/wp\/v2\/posts\/184801","targetHints":{"allow":["GET"]}}],"collection":[{"href":"https:\/\/www.europesays.com\/pt\/wp-json\/wp\/v2\/posts"}],"about":[{"href":"https:\/\/www.europesays.com\/pt\/wp-json\/wp\/v2\/types\/post"}],"author":[{"embeddable":true,"href":"https:\/\/www.europesays.com\/pt\/wp-json\/wp\/v2\/users\/2"}],"replies":[{"embeddable":true,"href":"https:\/\/www.europesays.com\/pt\/wp-json\/wp\/v2\/comments?post=184801"}],"version-history":[{"count":0,"href":"https:\/\/www.europesays.com\/pt\/wp-json\/wp\/v2\/posts\/184801\/revisions"}],"wp:featuredmedia":[{"embeddable":true,"href":"https:\/\/www.europesays.com\/pt\/wp-json\/wp\/v2\/media\/184802"}],"wp:attachment":[{"href":"https:\/\/www.europesays.com\/pt\/wp-json\/wp\/v2\/media?parent=184801"}],"wp:term":[{"taxonomy":"category","embeddable":true,"href":"https:\/\/www.europesays.com\/pt\/wp-json\/wp\/v2\/categories?post=184801"},{"taxonomy":"post_tag","embeddable":true,"href":"https:\/\/www.europesays.com\/pt\/wp-json\/wp\/v2\/tags?post=184801"}],"curies":[{"name":"wp","href":"https:\/\/api.w.org\/{rel}","templated":true}]}}