{"id":184810,"date":"2025-12-12T00:04:11","date_gmt":"2025-12-12T00:04:11","guid":{"rendered":"https:\/\/www.europesays.com\/pt\/184810\/"},"modified":"2025-12-12T00:04:11","modified_gmt":"2025-12-12T00:04:11","slug":"ubs-tuiuiu-reforca-estrategias-de-vacinacao-com-atendimento-presencial-acoes-extramuros-e-busca-ativa-de-faltosos-prefeitura-de-primavera-do-leste-primavera-do-leste-2","status":"publish","type":"post","link":"https:\/\/www.europesays.com\/pt\/184810\/","title":{"rendered":"UBS Tuiui\u00fa refor\u00e7a estrat\u00e9gias de vacina\u00e7\u00e3o com atendimento presencial, a\u00e7\u00f5es extramuros e busca ativa de faltosos &#8211; Prefeitura de Primavera do Leste Primavera do Leste"},"content":{"rendered":"<p>\u00a0A Unidade B\u00e1sica de Sa\u00fade Tuiui\u00fa adotou um conjunto de estrat\u00e9gias para ampliar a cobertura vacinal e garantir que a popula\u00e7\u00e3o mantenha o calend\u00e1rio de imuniza\u00e7\u00f5es em dia. As a\u00e7\u00f5es incluem atendimento presencial na pr\u00f3pria unidade, atividades extramuros e busca ativa de usu\u00e1rios com doses em atraso.\u00a0<\/p>\n<p>&#13;<br \/>\n&#13;<\/p>\n<p>O atendimento regular de vacina\u00e7\u00e3o ocorre de segunda a sexta-feira, das 07h \u00e0s 11h e das 13h \u00e0s 17h, com oferta de todas as vacinas dispon\u00edveis no calend\u00e1rio do SUS. Al\u00e9m da demanda espont\u00e2nea, a equipe realiza a\u00e7\u00f5es extramuros, levando imuniza\u00e7\u00e3o para escolas, unidades do CRAS e outros pontos da comunidade, garantindo acesso facilitado para crian\u00e7as, adolescentes e fam\u00edlias que t\u00eam dificuldade de comparecer \u00e0 unidade.\u00a0<\/p>\n<p>&#13;<br \/>\n&#13;<\/p>\n<p>\u201cN\u00f3s fazemos o atendimento presencial na unidade com as vacinas (vacina\u00e7\u00e3o na unidade), a\u00e7\u00f5es extramuro (vacina\u00e7\u00e3o na escola e CRAS), busca ativa dos faltosos ( com doses atrasadas) pra vir na unidade vacinar, nossa equipe tem sempre se preocupado com a comunidade,\u201d disse a coordenadora da unidade Anna Claudia.\u00a0<\/p>\n<p>&#13;<br \/>\n&#13;<\/p>\n<p>Outra frente importante \u00e9 a busca ativa dos faltosos, em que profissionais da UBS monitoram e entram em contato com pessoas que est\u00e3o com doses atrasadas, orientando sobre a import\u00e2ncia da imuniza\u00e7\u00e3o e convocando para atualiza\u00e7\u00e3o do esquema vacinal.\u00a0<\/p>\n<p>&#13;<br \/>\n&#13;<\/p>\n<p>\u00a0Com essas estrat\u00e9gias, a UBS Tuiui\u00fa fortalece o cuidado prim\u00e1rio e contribui para manter protegida a comunidade da regi\u00e3o.<\/p>\n","protected":false},"excerpt":{"rendered":"\u00a0A Unidade B\u00e1sica de Sa\u00fade Tuiui\u00fa adotou um conjunto de estrat\u00e9gias para ampliar a cobertura vacinal e garantir&hellip;\n","protected":false},"author":2,"featured_media":184759,"comment_status":"","ping_status":"","sticky":false,"template":"","format":"standard","meta":{"footnotes":""},"categories":[86],"tags":[23978,37613,4080,4079,4074,4075,11962,116,4083,13,4078,32,11961,33,117,4077,4081,37612,4076,10213,4082],"class_list":{"0":"post-184810","1":"post","2":"type-post","3":"status-publish","4":"format-standard","5":"has-post-thumbnail","7":"category-saude","8":"tag-atendimentos","9":"tag-cobertura-vacinal","10":"tag-desenvolvimento","11":"tag-documentos","12":"tag-galeria-de-fotos","13":"tag-galeria-de-fotos-da-cidade","14":"tag-galeria-de-videos","15":"tag-health","16":"tag-institucional","17":"tag-noticias","18":"tag-noticias-da-cidade","19":"tag-portugal","20":"tag-prefeitura-de-primavera-do-leste","21":"tag-pt","22":"tag-saude","23":"tag-secretarias","24":"tag-sites","25":"tag-tuiuiu","26":"tag-tv-prefeitura","27":"tag-ubs","28":"tag-websites"},"share_on_mastodon":{"url":"https:\/\/pubeurope.com\/@pt\/115703674548957753","error":""},"_links":{"self":[{"href":"https:\/\/www.europesays.com\/pt\/wp-json\/wp\/v2\/posts\/184810","targetHints":{"allow":["GET"]}}],"collection":[{"href":"https:\/\/www.europesays.com\/pt\/wp-json\/wp\/v2\/posts"}],"about":[{"href":"https:\/\/www.europesays.com\/pt\/wp-json\/wp\/v2\/types\/post"}],"author":[{"embeddable":true,"href":"https:\/\/www.europesays.com\/pt\/wp-json\/wp\/v2\/users\/2"}],"replies":[{"embeddable":true,"href":"https:\/\/www.europesays.com\/pt\/wp-json\/wp\/v2\/comments?post=184810"}],"version-history":[{"count":0,"href":"https:\/\/www.europesays.com\/pt\/wp-json\/wp\/v2\/posts\/184810\/revisions"}],"wp:featuredmedia":[{"embeddable":true,"href":"https:\/\/www.europesays.com\/pt\/wp-json\/wp\/v2\/media\/184759"}],"wp:attachment":[{"href":"https:\/\/www.europesays.com\/pt\/wp-json\/wp\/v2\/media?parent=184810"}],"wp:term":[{"taxonomy":"category","embeddable":true,"href":"https:\/\/www.europesays.com\/pt\/wp-json\/wp\/v2\/categories?post=184810"},{"taxonomy":"post_tag","embeddable":true,"href":"https:\/\/www.europesays.com\/pt\/wp-json\/wp\/v2\/tags?post=184810"}],"curies":[{"name":"wp","href":"https:\/\/api.w.org\/{rel}","templated":true}]}}