{"id":184815,"date":"2025-12-12T00:08:27","date_gmt":"2025-12-12T00:08:27","guid":{"rendered":"https:\/\/www.europesays.com\/pt\/184815\/"},"modified":"2025-12-12T00:08:27","modified_gmt":"2025-12-12T00:08:27","slug":"adesao-da-ucrania-a-ue-e-inevitavel-e-hungria-nao-deve-interferir","status":"publish","type":"post","link":"https:\/\/www.europesays.com\/pt\/184815\/","title":{"rendered":"Ades\u00e3o da Ucr\u00e2nia \u00e0 UE \u00e9 &#8220;inevit\u00e1vel&#8221; e Hungria n\u00e3o deve interferir"},"content":{"rendered":"<p>&#8220;N\u00e3o estou preocupada&#8221;, disse a comiss\u00e1ria eslovena encarregue dos assuntos do alargamento, durante uma visita a uma central el\u00e9trica na parte ocidental da Ucr\u00e2nia, com fortes estragos causados pela campanha russa de ataque a infraestruturas civis.<\/p>\n<p>&#8220;Sobre a perten\u00e7a da Ucr\u00e2nia \u00e0 UE &#8211;\u00a0que \u00e9 inevit\u00e1vel -, vejo-a como uma \u00e2ncora de garantias de seguran\u00e7a&#8221;, disse, salientando que &#8220;nunca houve uma guerra no territ\u00f3rio da Uni\u00e3o Europeia&#8221;.<\/p>\n<p>A Ucr\u00e2nia espera integrar o bloco at\u00e9 ao final da d\u00e9cada e permanece frustrada com a incerteza relativa \u00e0 sua intera\u00e7\u00e3o na NATO.<\/p>\n<p>A Ucr\u00e2nia solicitou a ades\u00e3o \u00e0 UE em 2022 pouco antes da invas\u00e3o russa.<\/p>\n<p>Agora, a comiss\u00e1ria Kos est\u00e1 a marcar uma reuni\u00e3o dos ministros dos Neg\u00f3cios Estrangeiros para quinta-feira para preparar a pr\u00f3xima etapa das negocia\u00e7\u00f5es da ades\u00e3o.<\/p>\n<p>O primeiro-ministro h\u00fangaro, Viktor Orb\u00e1n, op\u00f4s-se ao in\u00edcio das negocia\u00e7\u00f5es enquanto a guerra causada pela invas\u00e3o russa continuar.<\/p>\n<p>Kos minimizou as obje\u00e7\u00f5es, dizendo: &#8220;N\u00e3o precisamos de Orb\u00e1n para fazer as reformas que s\u00e3o necess\u00e1rias para a Ucr\u00e2nia se tornar membro da Uni\u00e3o Europeia&#8221;.<\/p>\n<p>Leia Tamb\u00e9m: <a href=\"https:\/\/www.noticiasaominuto.com\/mundo\/2902653\/kyiv-apresentou-a-mais-recente-versao-do-plano-de-paz-aos-eua\" target=\"_blank\" rel=\"noopener noreferrer nofollow\">Kyiv apresentou a mais recente vers\u00e3o do plano de paz aos EUA<\/a><\/p>\n","protected":false},"excerpt":{"rendered":"&#8220;N\u00e3o estou preocupada&#8221;, disse a comiss\u00e1ria eslovena encarregue dos assuntos do alargamento, durante uma visita a uma central&hellip;\n","protected":false},"author":2,"featured_media":184816,"comment_status":"","ping_status":"","sticky":false,"template":"","format":"standard","meta":{"footnotes":""},"categories":[50],"tags":[27,28,15,16,14,25,26,21,22,62,12,13,19,20,23,24,17,18,29,30,31,63,64,65],"class_list":{"0":"post-184815","1":"post","2":"type-post","3":"status-publish","4":"format-standard","5":"has-post-thumbnail","7":"category-mundo","8":"tag-breaking-news","9":"tag-breakingnews","10":"tag-featured-news","11":"tag-featurednews","12":"tag-headlines","13":"tag-latest-news","14":"tag-latestnews","15":"tag-main-news","16":"tag-mainnews","17":"tag-mundo","18":"tag-news","19":"tag-noticias","20":"tag-noticias-principais","21":"tag-noticiasprincipais","22":"tag-principais-noticias","23":"tag-principaisnoticias","24":"tag-top-stories","25":"tag-topstories","26":"tag-ultimas","27":"tag-ultimas-noticias","28":"tag-ultimasnoticias","29":"tag-world","30":"tag-world-news","31":"tag-worldnews"},"share_on_mastodon":{"url":"https:\/\/pubeurope.com\/@pt\/115703690216067492","error":""},"_links":{"self":[{"href":"https:\/\/www.europesays.com\/pt\/wp-json\/wp\/v2\/posts\/184815","targetHints":{"allow":["GET"]}}],"collection":[{"href":"https:\/\/www.europesays.com\/pt\/wp-json\/wp\/v2\/posts"}],"about":[{"href":"https:\/\/www.europesays.com\/pt\/wp-json\/wp\/v2\/types\/post"}],"author":[{"embeddable":true,"href":"https:\/\/www.europesays.com\/pt\/wp-json\/wp\/v2\/users\/2"}],"replies":[{"embeddable":true,"href":"https:\/\/www.europesays.com\/pt\/wp-json\/wp\/v2\/comments?post=184815"}],"version-history":[{"count":0,"href":"https:\/\/www.europesays.com\/pt\/wp-json\/wp\/v2\/posts\/184815\/revisions"}],"wp:featuredmedia":[{"embeddable":true,"href":"https:\/\/www.europesays.com\/pt\/wp-json\/wp\/v2\/media\/184816"}],"wp:attachment":[{"href":"https:\/\/www.europesays.com\/pt\/wp-json\/wp\/v2\/media?parent=184815"}],"wp:term":[{"taxonomy":"category","embeddable":true,"href":"https:\/\/www.europesays.com\/pt\/wp-json\/wp\/v2\/categories?post=184815"},{"taxonomy":"post_tag","embeddable":true,"href":"https:\/\/www.europesays.com\/pt\/wp-json\/wp\/v2\/tags?post=184815"}],"curies":[{"name":"wp","href":"https:\/\/api.w.org\/{rel}","templated":true}]}}