{"id":184817,"date":"2025-12-12T00:10:14","date_gmt":"2025-12-12T00:10:14","guid":{"rendered":"https:\/\/www.europesays.com\/pt\/184817\/"},"modified":"2025-12-12T00:10:14","modified_gmt":"2025-12-12T00:10:14","slug":"morreu-a-atriz-gloria-de-matos-3","status":"publish","type":"post","link":"https:\/\/www.europesays.com\/pt\/184817\/","title":{"rendered":"Morreu a atriz Gl\u00f3ria de Matos"},"content":{"rendered":"\n<p><strong>A atriz Gl\u00f3ria de Matos morreu, esta quinta-feira, aos 89 anos. A artista foi v\u00edtima de insufici\u00eancia card\u00edaca.<\/strong><\/p>\n<p>\u201cO <strong>corpo estar\u00e1 em c\u00e2mara ardente na Igreja de S. Jo\u00e3o de Deus em Lisboa, s\u00e1bado entre as 18h e as 22h e domingo entre as 12h e as 15h30<\/strong>, hora em que decorrer\u00e1 uma missa de corpo presente e o corpo <strong>seguir\u00e1 para o Cemit\u00e9rio do Alto de S. Jo\u00e3o<\/strong>\u201d, adianta a fam\u00edlia da atriz, em comunicado.<\/p>\n<p>Gl\u00f3ria de Matos, que foi casada com locutor e apresentador de televis\u00e3o Henrique Mendes, <strong>iniciou a atividade como atriz em 1954<\/strong>, fazendo parte da <strong>cria\u00e7\u00e3o do Grupo de Teatro da Casa da Com\u00e9dia<\/strong>.<\/p>\n<p>A atriz teve uma <strong>carreira de mais de seis d\u00e9cadas<\/strong>,<strong> entre o teatro, a televis\u00e3o e o cinema<\/strong>. Foi tamb\u00e9m <strong>professora <\/strong>na Escola de Teatro do Conservat\u00f3rio Nacional, e posteriormente na Escola Superior de Teatro e Cinema, assim como na Universidade Aberta. Ocupou ainda os cargos de membro da Alta Autoridade para a Comunica\u00e7\u00e3o Social e de assessora da Secretaria de Estado da Cultura e do Instituto de Artes C\u00e9nicas.<\/p>\n<p><strong>Fez a sua \u00faltima atua\u00e7\u00e3o em 2017, na pe\u00e7a \u201cOdeio-te, Meu Amor\u201d, no Teatro Nacional D. Maria II.<\/strong><\/p>\n","protected":false},"excerpt":{"rendered":"A atriz Gl\u00f3ria de Matos morreu, esta quinta-feira, aos 89 anos. A artista foi v\u00edtima de insufici\u00eancia card\u00edaca.&hellip;\n","protected":false},"author":2,"featured_media":184481,"comment_status":"","ping_status":"","sticky":false,"template":"","format":"standard","meta":{"footnotes":""},"categories":[8],"tags":[27,28,15,16,14,25,26,21,22,12,13,19,20,32,23,24,33,17,18,29,30,31],"class_list":{"0":"post-184817","1":"post","2":"type-post","3":"status-publish","4":"format-standard","5":"has-post-thumbnail","7":"category-principais-noticias","8":"tag-breaking-news","9":"tag-breakingnews","10":"tag-featured-news","11":"tag-featurednews","12":"tag-headlines","13":"tag-latest-news","14":"tag-latestnews","15":"tag-main-news","16":"tag-mainnews","17":"tag-news","18":"tag-noticias","19":"tag-noticias-principais","20":"tag-noticiasprincipais","21":"tag-portugal","22":"tag-principais-noticias","23":"tag-principaisnoticias","24":"tag-pt","25":"tag-top-stories","26":"tag-topstories","27":"tag-ultimas","28":"tag-ultimas-noticias","29":"tag-ultimasnoticias"},"share_on_mastodon":{"url":"https:\/\/pubeurope.com\/@pt\/115703698219181495","error":""},"_links":{"self":[{"href":"https:\/\/www.europesays.com\/pt\/wp-json\/wp\/v2\/posts\/184817","targetHints":{"allow":["GET"]}}],"collection":[{"href":"https:\/\/www.europesays.com\/pt\/wp-json\/wp\/v2\/posts"}],"about":[{"href":"https:\/\/www.europesays.com\/pt\/wp-json\/wp\/v2\/types\/post"}],"author":[{"embeddable":true,"href":"https:\/\/www.europesays.com\/pt\/wp-json\/wp\/v2\/users\/2"}],"replies":[{"embeddable":true,"href":"https:\/\/www.europesays.com\/pt\/wp-json\/wp\/v2\/comments?post=184817"}],"version-history":[{"count":0,"href":"https:\/\/www.europesays.com\/pt\/wp-json\/wp\/v2\/posts\/184817\/revisions"}],"wp:featuredmedia":[{"embeddable":true,"href":"https:\/\/www.europesays.com\/pt\/wp-json\/wp\/v2\/media\/184481"}],"wp:attachment":[{"href":"https:\/\/www.europesays.com\/pt\/wp-json\/wp\/v2\/media?parent=184817"}],"wp:term":[{"taxonomy":"category","embeddable":true,"href":"https:\/\/www.europesays.com\/pt\/wp-json\/wp\/v2\/categories?post=184817"},{"taxonomy":"post_tag","embeddable":true,"href":"https:\/\/www.europesays.com\/pt\/wp-json\/wp\/v2\/tags?post=184817"}],"curies":[{"name":"wp","href":"https:\/\/api.w.org\/{rel}","templated":true}]}}