{"id":184825,"date":"2025-12-12T00:18:10","date_gmt":"2025-12-12T00:18:10","guid":{"rendered":"https:\/\/www.europesays.com\/pt\/184825\/"},"modified":"2025-12-12T00:18:10","modified_gmt":"2025-12-12T00:18:10","slug":"hemoal-arapiraca-treina-equipe-tecnica-sobre-qualificacao-em-atendimento-e-procedimentos-do-programa-hemovida-saude-alagoas","status":"publish","type":"post","link":"https:\/\/www.europesays.com\/pt\/184825\/","title":{"rendered":"Hemoal Arapiraca treina equipe t\u00e9cnica sobre qualifica\u00e7\u00e3o em atendimento e procedimentos do Programa Hemovida \u2013 Sa\u00fade Alagoas"},"content":{"rendered":"<p><strong>Rep\u00f3rter:\u00a0<\/strong>Josenildo T\u00f6rres \/ Ascom Hemoal<br \/><strong>Fotos:<\/strong>\u00a0Divulga\u00e7\u00e3o<\/p>\n<p><img fetchpriority=\"high\" decoding=\"async\" width=\"600\" height=\"299\" src=\"https:\/\/www.europesays.com\/pt\/wp-content\/uploads\/2025\/12\/WhatsApp-Image-2025-12-04-at-18.13.08-600x299.jpg\" alt=\"\" class=\"wp-image-119173\" style=\"width:840px;height:auto\"  \/><strong>A capacita\u00e7\u00e3o ocorreu no audit\u00f3rio do Hemoal Arapiraca, que atende 46 munic\u00edpios da II Macrorregi\u00e3o de Sa\u00fade<\/strong><\/p>\n<p>A Unidade Arapiraca do Hemocentro de Alagoas (Hemoal) realizou, no audit\u00f3rio do \u00f3rg\u00e3o, o Treinamento de Qualifica\u00e7\u00e3o em Atendimento e Procedimentos do Programa\u00a0Hemovida. A a\u00e7\u00e3o, organizada pelos\u00a0N\u00facleos de Educa\u00e7\u00e3o Permanente (NEP) e de\u00a0Tecnologia da Informa\u00e7\u00e3o (NTI), em parceria com a Sa\u00fade Ocupacional,\u00a0foi voltada aos servidores que atuam na\u00a0recep\u00e7\u00e3o dos doadores de sangue.<\/p>\n<p>Conforme a Ger\u00eancia do Hemoal Arapiraca, a capacita\u00e7\u00e3o integra o conjunto de a\u00e7\u00f5es institucionais destinadas ao aprimoramento cont\u00ednuo das pr\u00e1ticas administrativas e assistenciais. O \u00f3rg\u00e3o \u00e9 respons\u00e1vel por fornecer sangue e hemocomponentes para os moradores dos 46 munic\u00edpios do Agreste, Sert\u00e3o e Baixo S\u00e3o Francisco, que integram a II Macrorregi\u00e3o de Sa\u00fade de Alagoas.<\/p>\n<p>O enfermeiro do NEP do Hemoal Arapiraca, James Dias, explicou que o treinamento\u00a0contemplou\u00a0conte\u00fados essenciais para o fortalecimento da excel\u00eancia no atendimento ao doador de sangue. \u201cAl\u00e9m da padroniza\u00e7\u00e3o de procedimentos que influenciam diretamente a seguran\u00e7a, a agilidade e a qualidade do fluxo de cadastro, a capacita\u00e7\u00e3o trouxe uma metodologia que combinou abordagens te\u00f3ricas e pr\u00e1ticas, ampliando a capacidade de aplica\u00e7\u00e3o dos conte\u00fados na rotina de trabalho\u201d, detalhou.<\/p>\n<p>Entre os temas abordados no\u00a0 Treinamento de Qualifica\u00e7\u00e3o em Atendimento e Procedimentos do Programa\u00a0Hemovida, destaque para\u00a0<br \/>postura profissional, acolhimento qualificado e fluxo adequado no atendimento ao doador. A\u00a0Pol\u00edtica Nacional de Humaniza\u00e7\u00e3o (PNH), bem como, a\u00a0Comunica\u00e7\u00e3o efetiva como instrumento de seguran\u00e7a e efici\u00eancia no atendimento, e a Operacionaliza\u00e7\u00e3o do Programa\u00a0Hemovida foram abordadas na capacita\u00e7\u00e3o.<\/p>\n<p>O\u00a0\u00a0Treinamento de Qualifica\u00e7\u00e3o em Atendimento e Procedimentos do Programa\u00a0Hemovida teve como facilitadores a psic\u00f3loga\u00a0Dayane Ara\u00fajo da Rocha, que abordou o tema Humaniza\u00e7\u00e3o e Comunica\u00e7\u00e3o Efetiva. J\u00e1 os servidores do NTI do Hemoal Arapiraca,\u00a0Emanuel Lucas de Oliveira e\u00a0H\u00e9rcules de Aquiles Nunes detalharam toda a operacionaliza\u00e7\u00e3o do Programa Hemovida.<\/p>\n<p>\u201cMais uma vez, para a realiza\u00e7\u00e3o deste treinamento, que impactar\u00e1 no atendimento aos doadores de sangue, contamos com o apoio\u00a0institucional da gerente Amilka Couto e da coordenadora geral,\u00a0Suelly Praseres. Com isso, o\u00a0treinamento refor\u00e7ou o compromisso do Hemoal Arapiraca com a educa\u00e7\u00e3o permanente, o aperfei\u00e7oamento de processos e a valoriza\u00e7\u00e3o das servidoras da recep\u00e7\u00e3o do doador de sangue, que desempenham papel fundamental no acolhimento e na seguran\u00e7a do doador\u201d, frisou James Dias.<\/p>\n","protected":false},"excerpt":{"rendered":"Rep\u00f3rter:\u00a0Josenildo T\u00f6rres \/ Ascom HemoalFotos:\u00a0Divulga\u00e7\u00e3o A capacita\u00e7\u00e3o ocorreu no audit\u00f3rio do Hemoal Arapiraca, que atende 46 munic\u00edpios da&hellip;\n","protected":false},"author":2,"featured_media":184826,"comment_status":"","ping_status":"","sticky":false,"template":"","format":"standard","meta":{"footnotes":""},"categories":[86],"tags":[116,32,33,117],"class_list":{"0":"post-184825","1":"post","2":"type-post","3":"status-publish","4":"format-standard","5":"has-post-thumbnail","7":"category-saude","8":"tag-health","9":"tag-portugal","10":"tag-pt","11":"tag-saude"},"share_on_mastodon":{"url":"","error":""},"_links":{"self":[{"href":"https:\/\/www.europesays.com\/pt\/wp-json\/wp\/v2\/posts\/184825","targetHints":{"allow":["GET"]}}],"collection":[{"href":"https:\/\/www.europesays.com\/pt\/wp-json\/wp\/v2\/posts"}],"about":[{"href":"https:\/\/www.europesays.com\/pt\/wp-json\/wp\/v2\/types\/post"}],"author":[{"embeddable":true,"href":"https:\/\/www.europesays.com\/pt\/wp-json\/wp\/v2\/users\/2"}],"replies":[{"embeddable":true,"href":"https:\/\/www.europesays.com\/pt\/wp-json\/wp\/v2\/comments?post=184825"}],"version-history":[{"count":0,"href":"https:\/\/www.europesays.com\/pt\/wp-json\/wp\/v2\/posts\/184825\/revisions"}],"wp:featuredmedia":[{"embeddable":true,"href":"https:\/\/www.europesays.com\/pt\/wp-json\/wp\/v2\/media\/184826"}],"wp:attachment":[{"href":"https:\/\/www.europesays.com\/pt\/wp-json\/wp\/v2\/media?parent=184825"}],"wp:term":[{"taxonomy":"category","embeddable":true,"href":"https:\/\/www.europesays.com\/pt\/wp-json\/wp\/v2\/categories?post=184825"},{"taxonomy":"post_tag","embeddable":true,"href":"https:\/\/www.europesays.com\/pt\/wp-json\/wp\/v2\/tags?post=184825"}],"curies":[{"name":"wp","href":"https:\/\/api.w.org\/{rel}","templated":true}]}}