{"id":184827,"date":"2025-12-12T00:20:08","date_gmt":"2025-12-12T00:20:08","guid":{"rendered":"https:\/\/www.europesays.com\/pt\/184827\/"},"modified":"2025-12-12T00:20:08","modified_gmt":"2025-12-12T00:20:08","slug":"falha-no-exynos-3nm-forca-compra-de-chips-qualcomm","status":"publish","type":"post","link":"https:\/\/www.europesays.com\/pt\/184827\/","title":{"rendered":"Falha no Exynos 3nm for\u00e7a compra de chips Qualcomm"},"content":{"rendered":"<p>A Samsung Electronics, outrora o exemplo perfeito de integra\u00e7\u00e3o vertical no mundo tecnol\u00f3gico, vive um momento sem precedentes de crise de fornecimento. A Divis\u00e3o de Telem\u00f3veis (Mobile eXperience &#8211; MX) est\u00e1, na pr\u00e1tica, incapaz de comprar componentes cruciais \u00e0 sua \u201cempresa-irm\u00e3\u201d, a divis\u00e3o de semicondutores (Device Solutions &#8211; DS), devido a uma combina\u00e7\u00e3o letal de incapacidade na produ\u00e7\u00e3o e de posicionamento comercial.<\/p>\n<p>O primeiro momento nesta crise \u00e9 o fracasso do processador Exynos 2500. A Samsung Foundry n\u00e3o conseguiu estabilizar o seu processo de fabrico de 3 nan\u00f3metros (3nm), com relat\u00f3rios da ind\u00fastria a indicarem taxas de rendimento (yield) muito baixas &#8211; em alguns casos, inferiores a 20% ou 50%. Isto significa que a f\u00e1brica n\u00e3o consegue entregar chips funcionais em volume suficiente. Como resultado, a divis\u00e3o m\u00f3vel foi for\u00e7ada a cancelar a compra interna e a encomendar a totalidade dos processadores para o Galaxy S25 \u00e0 rival Qualcomm. Ao pagar cerca de 190 a 200 d\u00f3lares (aprox. 162 a 170 euros) por cada Snapdragon 8 Elite, a Samsung Mobile perde a sua maior vantagem competitiva: o custo baixo do hardware propriet\u00e1rio, segundo a publica\u00e7\u00e3o especializada PhoneArena.<\/p>\n<p>Para piorar este cen\u00e1rio, o bloqueio estende-se agora \u00e0 mem\u00f3ria, o \u201cp\u00e3o com manteiga\u201d da gigante sul-coreana, fornecedora do mundo em RAM. Dados publicados pela imprensa internacional revelam que a Divis\u00e3o de Semicondutores recusou renovar os contratos anuais de fornecimento de mem\u00f3ria DRAM com a divis\u00e3o de telem\u00f3veis, motivada pela explos\u00e3o da procura de mem\u00f3ria para Intelig\u00eancia Artificial (HBM), que oferece margens de lucro muito superiores. A consequ\u00eancia? A divis\u00e3o m\u00f3vel foi obrigada a aceitar renegocia\u00e7\u00f5es trimestrais, ficando exposta \u00e0 volatilidade e aos pre\u00e7os premium do mercado aberto, tal como qualquer cliente externo.<\/p>\n<p>O cen\u00e1rio \u00e9 de \u201ctempestade perfeita\u201d para a gest\u00e3o da Samsung Mobile: n\u00e3o conseguem comprar o \u201cc\u00e9rebro\u201d do telem\u00f3vel em casa porque a f\u00e1brica n\u00e3o o consegue produzir, e n\u00e3o conseguem comprar a \u201cmem\u00f3ria\u201d a pre\u00e7os est\u00e1veis porque a divis\u00e3o vizinha prefere lucrar com a NVIDIA e centros de dados.<\/p>\n<p>Uma crise de abastecimento interno que coloca uma press\u00e3o imensa sobre o pre\u00e7o final dos dispositivos.<\/p>\n","protected":false},"excerpt":{"rendered":"A Samsung Electronics, outrora o exemplo perfeito de integra\u00e7\u00e3o vertical no mundo tecnol\u00f3gico, vive um momento sem precedentes&hellip;\n","protected":false},"author":2,"featured_media":184828,"comment_status":"","ping_status":"","sticky":false,"template":"","format":"standard","meta":{"footnotes":""},"categories":[84],"tags":[359,109,107,108,32,33,952,105,103,104,954,106,110],"class_list":{"0":"post-184827","1":"post","2":"type-post","3":"status-publish","4":"format-standard","5":"has-post-thumbnail","7":"category-ciencia-e-tecnologia","8":"tag-chips","9":"tag-ciencia","10":"tag-ciencia-e-tecnologia","11":"tag-cienciaetecnologia","12":"tag-portugal","13":"tag-pt","14":"tag-samsung","15":"tag-science","16":"tag-science-and-technology","17":"tag-scienceandtechnology","18":"tag-smartphones","19":"tag-technology","20":"tag-tecnologia"},"share_on_mastodon":{"url":"https:\/\/pubeurope.com\/@pt\/115703737676263279","error":""},"_links":{"self":[{"href":"https:\/\/www.europesays.com\/pt\/wp-json\/wp\/v2\/posts\/184827","targetHints":{"allow":["GET"]}}],"collection":[{"href":"https:\/\/www.europesays.com\/pt\/wp-json\/wp\/v2\/posts"}],"about":[{"href":"https:\/\/www.europesays.com\/pt\/wp-json\/wp\/v2\/types\/post"}],"author":[{"embeddable":true,"href":"https:\/\/www.europesays.com\/pt\/wp-json\/wp\/v2\/users\/2"}],"replies":[{"embeddable":true,"href":"https:\/\/www.europesays.com\/pt\/wp-json\/wp\/v2\/comments?post=184827"}],"version-history":[{"count":0,"href":"https:\/\/www.europesays.com\/pt\/wp-json\/wp\/v2\/posts\/184827\/revisions"}],"wp:featuredmedia":[{"embeddable":true,"href":"https:\/\/www.europesays.com\/pt\/wp-json\/wp\/v2\/media\/184828"}],"wp:attachment":[{"href":"https:\/\/www.europesays.com\/pt\/wp-json\/wp\/v2\/media?parent=184827"}],"wp:term":[{"taxonomy":"category","embeddable":true,"href":"https:\/\/www.europesays.com\/pt\/wp-json\/wp\/v2\/categories?post=184827"},{"taxonomy":"post_tag","embeddable":true,"href":"https:\/\/www.europesays.com\/pt\/wp-json\/wp\/v2\/tags?post=184827"}],"curies":[{"name":"wp","href":"https:\/\/api.w.org\/{rel}","templated":true}]}}