{"id":184829,"date":"2025-12-12T00:21:21","date_gmt":"2025-12-12T00:21:21","guid":{"rendered":"https:\/\/www.europesays.com\/pt\/184829\/"},"modified":"2025-12-12T00:21:21","modified_gmt":"2025-12-12T00:21:21","slug":"arquitetos-da-ia-sao-a-personalidade-do-ano-de-2025-para-a-revista-time-2","status":"publish","type":"post","link":"https:\/\/www.europesays.com\/pt\/184829\/","title":{"rendered":"&#8220;Arquitetos da IA&#8221; s\u00e3o a Personalidade do Ano de 2025 para a revista Time"},"content":{"rendered":"<p>Jensen Huang, da Nvidia, Sam Altman, da OpenAI, e Elon Musk, da xAI, est\u00e3o entre os empreendedores que &#8220;assumiram o controlo da hist\u00f3ria, desenvolvendo tecnologia e tomando decis\u00f5es que est\u00e3o a remodelar o panorama da informa\u00e7\u00e3o, o clima e os nossos meios de subsist\u00eancia&#8221;, afirma a revista. &#8220;Reorientaram pol\u00edticas governamentais, alteraram rivalidades geopol\u00edticas e trouxeram rob\u00f4s para dentro de casa. A IA emergiu como, possivelmente, a ferramenta mais importante na competi\u00e7\u00e3o entre grandes pot\u00eancias desde o advento das armas nucleares&#8221;.<\/p>\n<blockquote class=\"twitter-tweet\">\n<p>2025 was the year when artificial intelligence&#8221;s full potential roared into view, and when it became clear that there will be no turning back.<\/p>\n<p>For delivering the age of thinking machines, for wowing and worrying humanity, for transforming the present and transcending the&#8230; <a href=\"https:\/\/t.co\/mEIKRiZfLo\" rel=\"nofollow\">pic.twitter.com\/mEIKRiZfLo<\/a><\/p>\n<p>&#8211; TIME (@TIME) <a href=\"https:\/\/twitter.com\/TIME\/status\/1999097617633189955?ref_src=twsrc%5Etfw\" rel=\"nofollow noopener\" target=\"_blank\">December 11, 2025<\/a><\/p><\/blockquote>\n<p><script async src=\"https:\/\/platform.twitter.com\/widgets.js\" charset=\"utf-8\"><\/script><\/p>\n","protected":false},"excerpt":{"rendered":"Jensen Huang, da Nvidia, Sam Altman, da OpenAI, e Elon Musk, da xAI, est\u00e3o entre os empreendedores que&hellip;\n","protected":false},"author":2,"featured_media":184830,"comment_status":"","ping_status":"","sticky":false,"template":"","format":"standard","meta":{"footnotes":"","_share_on_mastodon":"0"},"categories":[83],"tags":[88,89,90,933,715,62,32,33,1120],"class_list":["post-184829","post","type-post","status-publish","format-standard","has-post-thumbnail","category-empresas","tag-business","tag-economy","tag-empresas","tag-inteligencia-artificial","tag-media","tag-mundo","tag-portugal","tag-pt","tag-time"],"share_on_mastodon":{"url":"https:\/\/pubeurope.com\/@pt\/115703741356005608","error":""},"_links":{"self":[{"href":"https:\/\/www.europesays.com\/pt\/wp-json\/wp\/v2\/posts\/184829","targetHints":{"allow":["GET"]}}],"collection":[{"href":"https:\/\/www.europesays.com\/pt\/wp-json\/wp\/v2\/posts"}],"about":[{"href":"https:\/\/www.europesays.com\/pt\/wp-json\/wp\/v2\/types\/post"}],"author":[{"embeddable":true,"href":"https:\/\/www.europesays.com\/pt\/wp-json\/wp\/v2\/users\/2"}],"replies":[{"embeddable":true,"href":"https:\/\/www.europesays.com\/pt\/wp-json\/wp\/v2\/comments?post=184829"}],"version-history":[{"count":0,"href":"https:\/\/www.europesays.com\/pt\/wp-json\/wp\/v2\/posts\/184829\/revisions"}],"wp:featuredmedia":[{"embeddable":true,"href":"https:\/\/www.europesays.com\/pt\/wp-json\/wp\/v2\/media\/184830"}],"wp:attachment":[{"href":"https:\/\/www.europesays.com\/pt\/wp-json\/wp\/v2\/media?parent=184829"}],"wp:term":[{"taxonomy":"category","embeddable":true,"href":"https:\/\/www.europesays.com\/pt\/wp-json\/wp\/v2\/categories?post=184829"},{"taxonomy":"post_tag","embeddable":true,"href":"https:\/\/www.europesays.com\/pt\/wp-json\/wp\/v2\/tags?post=184829"}],"curies":[{"name":"wp","href":"https:\/\/api.w.org\/{rel}","templated":true}]}}