{"id":184851,"date":"2025-12-12T00:49:42","date_gmt":"2025-12-12T00:49:42","guid":{"rendered":"https:\/\/www.europesays.com\/pt\/184851\/"},"modified":"2025-12-12T00:49:42","modified_gmt":"2025-12-12T00:49:42","slug":"a-fazenda-17-veja-resultado-final-da-enquete-de-quem-deve-ficar-nesta-quinta-11-zoeira","status":"publish","type":"post","link":"https:\/\/www.europesays.com\/pt\/184851\/","title":{"rendered":"&#8216;A Fazenda&#8217; 17: Veja resultado final da enquete de quem deve ficar nesta quinta (11) &#8211; Zoeira"},"content":{"rendered":"<p>O participante<strong> Luiz Mesquita deve ser o eliminado da 12\u00aa ro\u00e7a <\/strong>de &#8220;A Fazenda 17&#8221;, segundo a enquete do\u00a0Di\u00e1rio do Nordeste. O resultado oficial ser\u00e1\u00a0divulgado ao vivo pela apresentadora Adriane Galisteu nesta quinta-feira (11).<\/p>\n<p>At\u00e9 as 17h55, o levantamento apontou que Luiz apresentava apenas 24,9% dos votos para ficar. Ele disputa a perman\u00eancia com Duda Wendling, que vem em seguida com 32,5% dos votos, atr\u00e1s de Toninho Tornado, que lidera a prefer\u00eancia para ficar com 42,6% dos votos.\u00a0<\/p>\n<p>\u00c9 importante frisar que esta enquete n\u00e3o interfere no programa.<\/p>\n<p>\n\t\t<img decoding=\"async\" alt=\"Enquete de A Fazenda, em que aparece Luiz Mesquita.\" src=\"https:\/\/www.europesays.com\/pt\/wp-content\/uploads\/2025\/12\/Enquete.jpg\" loading=\"lazy\" width=\"438\" height=\"584\"\/><\/p>\n<p>\n\t\t\t\tLegenda:<br \/>\n\t\t\t\t Enquete n\u00e3o interfere no resultado oficial do programa.\n\t\t\t<\/p>\n<p>\n\t\t\t\tFoto:<br \/>\n\t\t\t\t Reprodu\u00e7\u00e3o.\n\t\t\t<\/p>\n<\/p>\n<p>Veja a parcial e vote na enquete:\u00a0<\/p>\n<p>COMO FOI A FORMA\u00c7\u00c3O DA 12\u00aa RO\u00c7A\u00a0<\/p>\n<p>A berlinda come\u00e7ou na ter\u00e7a-feira (9), com\u00a0<strong>Fabiano Moraes distribuindo o Poder do Lampi\u00e3o<\/strong>. Diante das op\u00e7\u00f5es, ele escolheu ficar com o Poder da Chama Laranja e entregou o da branca \u00e0 Carol Lekker. Em seguida, foi o momento do\u00a0<a href=\"https:\/\/diariodonordeste.verdesmares.com.br\/entretenimento\/zoeira\/dudu-camargo-vence-prova-do-fazendeiro-pela-quarta-vez-1.3715593\" target=\"_self\" rel=\"nofollow noopener\">fazendeiro Dudu Camargo<\/a>\u00a0indicar o primeiro roceiro:\u00a0<strong>Toninho Tornado<\/strong>.\u00a0<\/p>\n<p>Ent\u00e3o, no cara a cara, o pai de Viih Tube recebeu o maior n\u00famero de indica\u00e7\u00f5es, mas\u00a0<strong>se livrou na berlinda ao usar o poder do pergaminho laranja e transferir seus votos para Luiz Mesquita<\/strong>, que acabou ocupando o segundo banquinho ao somar sete indica\u00e7\u00f5es.\u00a0<\/p>\n<p>\t\t\t\tVeja tamb\u00e9m<\/p>\n<p>Na hora de puxar algu\u00e9m da Baia, Carol Lekker colocou o Poder da Chama Branca em pr\u00e1tica e p\u00f4de escolher quem da sede indicaria o terceiro roceiro. Ela optou por Saory Cardoso, que\u00a0<strong>indicou Duda Wendling para se juntar \u00e0 berlinda<\/strong>.\u00a0<\/p>\n<p>Ent\u00e3o, a influenciadora come\u00e7ou o resta um e a\u00a0<strong>dentista acabou sobrando<\/strong>. Por ser a \u00faltima a compor a zona de elimina\u00e7\u00e3o,<strong>\u00a0Saory p\u00f4de vetar algu\u00e9m da disputa pelo chap\u00e9u de fazendeiro e escolheu Luiz Mesquita<\/strong>.<\/p>\n<p>Na arena de disputa nessa quarta, a dentista conseguiu a maior pontu\u00e7\u00e3o e venceu os demais colegas, consolidando a berlinda entre o filho de Ot\u00e1vio Mesquita, Duda e Toninho.\u00a0<\/p>\n","protected":false},"excerpt":{"rendered":"O participante Luiz Mesquita deve ser o eliminado da 12\u00aa ro\u00e7a de &#8220;A Fazenda 17&#8221;, segundo a enquete&hellip;\n","protected":false},"author":2,"featured_media":184852,"comment_status":"","ping_status":"","sticky":false,"template":"","format":"standard","meta":{"footnotes":""},"categories":[142],"tags":[2397,114,115,32,33,151],"class_list":{"0":"post-184851","1":"post","2":"type-post","3":"status-publish","4":"format-standard","5":"has-post-thumbnail","7":"category-tv","8":"tag-artes-cultura-e-entretenimento","9":"tag-entertainment","10":"tag-entretenimento","11":"tag-portugal","12":"tag-pt","13":"tag-tv"},"share_on_mastodon":{"url":"https:\/\/pubeurope.com\/@pt\/115703852107190681","error":""},"_links":{"self":[{"href":"https:\/\/www.europesays.com\/pt\/wp-json\/wp\/v2\/posts\/184851","targetHints":{"allow":["GET"]}}],"collection":[{"href":"https:\/\/www.europesays.com\/pt\/wp-json\/wp\/v2\/posts"}],"about":[{"href":"https:\/\/www.europesays.com\/pt\/wp-json\/wp\/v2\/types\/post"}],"author":[{"embeddable":true,"href":"https:\/\/www.europesays.com\/pt\/wp-json\/wp\/v2\/users\/2"}],"replies":[{"embeddable":true,"href":"https:\/\/www.europesays.com\/pt\/wp-json\/wp\/v2\/comments?post=184851"}],"version-history":[{"count":0,"href":"https:\/\/www.europesays.com\/pt\/wp-json\/wp\/v2\/posts\/184851\/revisions"}],"wp:featuredmedia":[{"embeddable":true,"href":"https:\/\/www.europesays.com\/pt\/wp-json\/wp\/v2\/media\/184852"}],"wp:attachment":[{"href":"https:\/\/www.europesays.com\/pt\/wp-json\/wp\/v2\/media?parent=184851"}],"wp:term":[{"taxonomy":"category","embeddable":true,"href":"https:\/\/www.europesays.com\/pt\/wp-json\/wp\/v2\/categories?post=184851"},{"taxonomy":"post_tag","embeddable":true,"href":"https:\/\/www.europesays.com\/pt\/wp-json\/wp\/v2\/tags?post=184851"}],"curies":[{"name":"wp","href":"https:\/\/api.w.org\/{rel}","templated":true}]}}