{"id":184856,"date":"2025-12-12T00:53:11","date_gmt":"2025-12-12T00:53:11","guid":{"rendered":"https:\/\/www.europesays.com\/pt\/184856\/"},"modified":"2025-12-12T00:53:11","modified_gmt":"2025-12-12T00:53:11","slug":"cresce-o-numero-de-pessoas-com-diabetes-e-brasil-e-o-6o-pais-mais-afetado-no-mundo-diario-industria-comercio","status":"publish","type":"post","link":"https:\/\/www.europesays.com\/pt\/184856\/","title":{"rendered":"Cresce o n\u00famero de pessoas com diabetes e Brasil \u00e9 o 6\u00ba pa\u00eds mais afetado no mundo &#8211; Di\u00e1rio Ind\u00fastria &amp; Com\u00e9rcio"},"content":{"rendered":"<ol>\n<li><a href=\"https:\/\/news.google.com\/rss\/articles\/CBMi0wFBVV95cUxOWjhRY0xfUFh4VndpS1NkTFVwbFZ3aWoyTFhIbUhRWjhwZTc4ZF9mWEE5SjJicHpzZ1RtVjdPeWVCZFJtV0JIdVNMNElJczFrVzFHa0FyWXhVWlRDNGs4X1dGU2JwVnlxbnc4ckxWd25wZGhBcHg3dldNbE4tc2lXY01kRFp1cTNMTTdQMEMycGdVaUZzTlczZjdrRk5VWmx5MC03UGVjenR4Rldkc2E3cjgyT096RC01QlZNVGIzTXE5VE9xRWdZN3dxNE15NEp5bzQ4?oc=5\" target=\"_blank\" rel=\"nofollow noopener\">Cresce o n\u00famero de pessoas com diabetes e Brasil \u00e9 o 6\u00ba pa\u00eds mais afetado no mundo<\/a>&nbsp;&nbsp;Di\u00e1rio Ind\u00fastria &amp; Com\u00e9rcio<\/li>\n<li><a href=\"https:\/\/news.google.com\/rss\/articles\/CBMic0FVX3lxTE8wX1g2SEpCR21RdlRXUVVQcE11U05MeGhJYmxxTzc0WnVGRUxpODRsWFlkM3M4SnpNZEV5S1ZSb29GLWpCRDV0SHVxTGtFX2FhUG9uTGpQcm1kb3dUV01UcDVRQXJQeUU5aE42Q21XWUNKMms?oc=5\" target=\"_blank\" rel=\"nofollow noopener\">Endocrinologistas listam seis h\u00e1bitos para evitar a diabetes tipo 2<\/a>&nbsp;&nbsp;Metr\u00f3poles<\/li>\n<li><a href=\"https:\/\/news.google.com\/rss\/articles\/CBMioAFBVV95cUxOTnM4NmlRdTA5M3hCU2gwV1dIaVpvZ2VfYWdEQW9ERlNPOFE4WUc3ZEpoSTdVWjVaOTRpSm84dEJOekdOeWFVLTdxa25zbHpMX2ZhYzFHR3c1X2RJQThFbkQ5U0ZMMlFiT3pMRF9FdXBLR1lHNGRmM1kzeWtGb201TXRTcVIzNjhkRVdlb1RjbEZUOERRTzA5MklnT2l6UHo0?oc=5\" target=\"_blank\" rel=\"nofollow noopener\">O que influencia sua glicose? Saiba mitos, riscos e orienta\u00e7\u00f5es<\/a>&nbsp;&nbsp;Mais Goi\u00e1s<\/li>\n<li><a href=\"https:\/\/news.google.com\/rss\/articles\/CBMi8AFBVV95cUxQTWhieVhtek0tSTl6NGEwcnJNUmpMME9MUWRNVEg2UXF3VkgwYzZfc29ubG9TUmdrZmU2WHdUSmFzX0hXZVlEN3RFa3Y4Zk1uOTBPSXdtX2tOd1RoUFFlcUROUUZ0Szk1ZUVxWGJwNEpKcnRCTk9tY0IxU0RLZ2FqU2FyUl8wczg3cVVxUmVQRTNIcFdaZWstZmxlNGJxQ3lvUVJvZTZQUks3cUl4cjJBb3ZIOFVCS3FrRGt2cl9TLTN6NjIxX1JIY1U4YlJBemJqaEJibHZsUmZOaGtKMmdHc0pmeUpPTzlxWkJFc1otYzU?oc=5\" target=\"_blank\" rel=\"nofollow noopener\">Ceia de Natal: 5 dicas para pessoas com diabetes n\u00e3o passarem vontade<\/a>&nbsp;&nbsp;Terra<\/li>\n<li><a href=\"https:\/\/news.google.com\/rss\/articles\/CBMisAFBVV95cUxOY0tfQWpJaWRvR3N2X0xHNUt2cU9tZHczZ1JoSW55RmhxRjRheTY1ZUlNcEJQNktIZWFfOW0wOEZWQ25ueUVfTnVfTFJHbEF5TkVPWG9HYlo1Z091anZvRlZqQlRFczlRd1otMndCRVNfc283c0FCZUFobXJwUU9kbmtNR0llVmx5cGhoeGdraGZoRHNxQ0ZaY2dUVzU2eEppaU1SR2ktQlRPU2o2ZnNCag?oc=5\" target=\"_blank\" rel=\"nofollow noopener\">JP1: Saiba reconhecer os sinais precoces da diabetes<\/a>&nbsp;&nbsp;sampi.net.br<\/li>\n<\/ol>\n","protected":false},"excerpt":{"rendered":"Cresce o n\u00famero de pessoas com diabetes e Brasil \u00e9 o 6\u00ba pa\u00eds mais afetado no mundo&nbsp;&nbsp;Di\u00e1rio Ind\u00fastria&hellip;\n","protected":false},"author":2,"featured_media":184857,"comment_status":"","ping_status":"","sticky":false,"template":"","format":"standard","meta":{"footnotes":""},"categories":[86],"tags":[116,32,33,117],"class_list":{"0":"post-184856","1":"post","2":"type-post","3":"status-publish","4":"format-standard","5":"has-post-thumbnail","7":"category-saude","8":"tag-health","9":"tag-portugal","10":"tag-pt","11":"tag-saude"},"share_on_mastodon":{"url":"https:\/\/pubeurope.com\/@pt\/115703867296160811","error":""},"_links":{"self":[{"href":"https:\/\/www.europesays.com\/pt\/wp-json\/wp\/v2\/posts\/184856","targetHints":{"allow":["GET"]}}],"collection":[{"href":"https:\/\/www.europesays.com\/pt\/wp-json\/wp\/v2\/posts"}],"about":[{"href":"https:\/\/www.europesays.com\/pt\/wp-json\/wp\/v2\/types\/post"}],"author":[{"embeddable":true,"href":"https:\/\/www.europesays.com\/pt\/wp-json\/wp\/v2\/users\/2"}],"replies":[{"embeddable":true,"href":"https:\/\/www.europesays.com\/pt\/wp-json\/wp\/v2\/comments?post=184856"}],"version-history":[{"count":0,"href":"https:\/\/www.europesays.com\/pt\/wp-json\/wp\/v2\/posts\/184856\/revisions"}],"wp:featuredmedia":[{"embeddable":true,"href":"https:\/\/www.europesays.com\/pt\/wp-json\/wp\/v2\/media\/184857"}],"wp:attachment":[{"href":"https:\/\/www.europesays.com\/pt\/wp-json\/wp\/v2\/media?parent=184856"}],"wp:term":[{"taxonomy":"category","embeddable":true,"href":"https:\/\/www.europesays.com\/pt\/wp-json\/wp\/v2\/categories?post=184856"},{"taxonomy":"post_tag","embeddable":true,"href":"https:\/\/www.europesays.com\/pt\/wp-json\/wp\/v2\/tags?post=184856"}],"curies":[{"name":"wp","href":"https:\/\/api.w.org\/{rel}","templated":true}]}}