{"id":184888,"date":"2025-12-12T01:21:22","date_gmt":"2025-12-12T01:21:22","guid":{"rendered":"https:\/\/www.europesays.com\/pt\/184888\/"},"modified":"2025-12-12T01:21:22","modified_gmt":"2025-12-12T01:21:22","slug":"moradores-da-vila-sao-jose-recebem-palestra-sobre-a-campanha-dezembro-vermelho","status":"publish","type":"post","link":"https:\/\/www.europesays.com\/pt\/184888\/","title":{"rendered":"Moradores da Vila S\u00e3o Jos\u00e9 recebem palestra sobre a Campanha Dezembro Vermelho"},"content":{"rendered":"<p class=\"has-text-align-left\">A Unidade B\u00e1sica de Sa\u00fade da Vila S\u00e3o Jos\u00e9 recebeu nesta quinta-feira (11), uma a\u00e7\u00e3o de conscientiza\u00e7\u00e3o dentro da campanha Dezembro Vermelho, dedicada \u00e0 preven\u00e7\u00e3o do HIV\/AIDS e demais Infec\u00e7\u00f5es Sexualmente Transmiss\u00edveis (ISTs).<\/p>\n<p><img fetchpriority=\"high\" decoding=\"async\" width=\"1024\" height=\"819\" src=\"https:\/\/www.europesays.com\/pt\/wp-content\/uploads\/2025\/12\/IMG-20251211-WA0153-1024x819.jpg\" alt=\"\" class=\"wp-image-110927\"  \/><\/p>\n<p class=\"has-text-align-left\">O encontro reuniu usu\u00e1rios da unidade, profissionais de sa\u00fade e moradores de bairros adjacentes, fortalecendo a rede de informa\u00e7\u00e3o e cuidado comunit\u00e1rio. A atividade foi conduzida por profissionais do Centro de Testagem e Aconselhamento \/Servi\u00e7o de Atendimento Especializado, que levaram orienta\u00e7\u00f5es atualizadas sobre preven\u00e7\u00e3o combinada, formas de transmiss\u00e3o, diagn\u00f3stico precoce e servi\u00e7os dispon\u00edveis no munic\u00edpio.<\/p>\n<p><img loading=\"lazy\" decoding=\"async\" width=\"1024\" height=\"819\" src=\"https:\/\/www.europesays.com\/pt\/wp-content\/uploads\/2025\/12\/IMG-20251211-WA0156-1024x819.jpg\" alt=\"\" class=\"wp-image-110928\"  \/><\/p>\n<p>Durante a roda de conversa, os participantes tiveram espa\u00e7o para tirar d\u00favidas, comentar experi\u00eancias e receber esclarecimentos imediatos do psic\u00f3logo, L\u00edgio Raison. Segundo o profissional, trabalhar temas relacionados ao enfrentamento do HIV\/AIDS continua essencial. \u201c\u00c9 muito importante conscientizar sobre o risco de adquirir n\u00e3o s\u00f3 o HIV, mas outras ISTs. A preven\u00e7\u00e3o come\u00e7a pela informa\u00e7\u00e3o. O preservativo permanece como ferramenta fundamental dentro das estrat\u00e9gias de preven\u00e7\u00e3o, mesmo com os recursos atuais\u201d, ressalta.<\/p>\n<p><img loading=\"lazy\" decoding=\"async\" width=\"1024\" height=\"819\" src=\"https:\/\/www.europesays.com\/pt\/wp-content\/uploads\/2025\/12\/IMG-20251211-WA0158-1024x819.jpg\" alt=\"\" class=\"wp-image-110939\"  \/><\/p>\n<p>Entre os presentes, o aposentado Raimundo Nonato destacou a relev\u00e2ncia da a\u00e7\u00e3o. \u201cEu gostei muito da palestra. Sempre cuidei da minha sa\u00fade e nunca deixo de participar dessas campanhas. Vivo bem, gra\u00e7as a Deus, e n\u00e3o imaginava que a palestra seria t\u00e3o boa quanto foi\u201d, destacou.<\/p>\n<p><img loading=\"lazy\" decoding=\"async\" width=\"1024\" height=\"819\" src=\"https:\/\/www.europesays.com\/pt\/wp-content\/uploads\/2025\/12\/IMG-20251211-WA0161-1024x819.jpg\" alt=\"\" class=\"wp-image-110930\"  \/><\/p>\n<p>TESTES R\u00c1PIDOS DISPON\u00cdVEIS \u2013 Durante a campanha, e durante o ano os usu\u00e1rios podem realizar gratuitamente os seguintes exames: HIV; S\u00edfilis; Hepatite B; Hepatite C; Insumos de preven\u00e7\u00e3o ofertados; Preservativos masculinos; Preservativos femininos e g\u00e9is lubrificantes.<\/p>\n<p><img loading=\"lazy\" decoding=\"async\" width=\"1024\" height=\"819\" src=\"https:\/\/www.europesays.com\/pt\/wp-content\/uploads\/2025\/12\/IMG-20251211-WA0155-1024x819.jpg\" alt=\"\" class=\"wp-image-110931\"  \/><\/p>\n<p>As a\u00e7\u00f5es visam ampliar o acesso \u00e0 informa\u00e7\u00e3o, incentivar o cuidado cont\u00ednuo e promover estrat\u00e9gias eficazes de preven\u00e7\u00e3o \u00e0s ISTs, fortalecendo a sa\u00fade p\u00fablica do munic\u00edpio de Caxias e a qualidade de vida da popula\u00e7\u00e3o.<\/p>\n<p><a href=\"https:\/\/www.europesays.com\/pt\/wp-content\/uploads\/2025\/12\/IMG-20251211-WA0157-1024x819.jpg\" target=\"_blank\"><img loading=\"lazy\" decoding=\"async\" width=\"1024\" height=\"819\" data-id=\"110932\" src=\"https:\/\/www.europesays.com\/pt\/wp-content\/uploads\/2025\/12\/IMG-20251211-WA0157-1024x819.jpg\" alt=\"\" class=\"wp-image-110932\"  \/><\/a><\/p>\n<p><a href=\"https:\/\/www.europesays.com\/pt\/wp-content\/uploads\/2025\/12\/IMG-20251211-WA0160-1024x819.jpg\" target=\"_blank\"><img loading=\"lazy\" decoding=\"async\" width=\"1024\" height=\"819\" data-id=\"110933\" src=\"https:\/\/www.europesays.com\/pt\/wp-content\/uploads\/2025\/12\/IMG-20251211-WA0160-1024x819.jpg\" alt=\"\" class=\"wp-image-110933\"  \/><\/a><\/p>\n<p><a href=\"https:\/\/www.europesays.com\/pt\/wp-content\/uploads\/2025\/12\/IMG-20251211-WA0162-1024x819.jpg\" target=\"_blank\"><img loading=\"lazy\" decoding=\"async\" width=\"1024\" height=\"819\" data-id=\"110934\" src=\"https:\/\/www.europesays.com\/pt\/wp-content\/uploads\/2025\/12\/IMG-20251211-WA0162-1024x819.jpg\" alt=\"\" class=\"wp-image-110934\"  \/><\/a><\/p>\n<p><a href=\"https:\/\/www.europesays.com\/pt\/wp-content\/uploads\/2025\/12\/IMG-20251211-WA0159-1024x819.jpg\" target=\"_blank\"><img loading=\"lazy\" decoding=\"async\" width=\"1024\" height=\"819\" data-id=\"110935\" src=\"https:\/\/www.europesays.com\/pt\/wp-content\/uploads\/2025\/12\/IMG-20251211-WA0159-1024x819.jpg\" alt=\"\" class=\"wp-image-110935\"  \/><\/a><\/p>\n<p><a href=\"https:\/\/www.europesays.com\/pt\/wp-content\/uploads\/2025\/12\/IMG-20251211-WA0152-1-1024x819.jpg\" target=\"_blank\"><img loading=\"lazy\" decoding=\"async\" width=\"1024\" height=\"819\" data-id=\"110936\" src=\"https:\/\/www.europesays.com\/pt\/wp-content\/uploads\/2025\/12\/IMG-20251211-WA0152-1-1024x819.jpg\" alt=\"\" class=\"wp-image-110936\"  \/><\/a><\/p>\n<p><a href=\"https:\/\/www.europesays.com\/pt\/wp-content\/uploads\/2025\/12\/IMG-20251211-WA0163-1024x819.jpg\" target=\"_blank\"><img loading=\"lazy\" decoding=\"async\" width=\"1024\" height=\"819\" data-id=\"110937\" src=\"https:\/\/www.europesays.com\/pt\/wp-content\/uploads\/2025\/12\/IMG-20251211-WA0163-1024x819.jpg\" alt=\"\" class=\"wp-image-110937\"  \/><\/a><\/p>\n<p><a href=\"https:\/\/www.europesays.com\/pt\/wp-content\/uploads\/2025\/12\/IMG-20251211-WA0154-1024x820.jpg\" target=\"_blank\"><img loading=\"lazy\" decoding=\"async\" width=\"1024\" height=\"820\" data-id=\"110938\" src=\"https:\/\/www.europesays.com\/pt\/wp-content\/uploads\/2025\/12\/IMG-20251211-WA0154-1024x820.jpg\" alt=\"\" class=\"wp-image-110938\"  \/><\/a><\/p>\n","protected":false},"excerpt":{"rendered":"A Unidade B\u00e1sica de Sa\u00fade da Vila S\u00e3o Jos\u00e9 recebeu nesta quinta-feira (11), uma a\u00e7\u00e3o de conscientiza\u00e7\u00e3o dentro&hellip;\n","protected":false},"author":2,"featured_media":184889,"comment_status":"","ping_status":"","sticky":false,"template":"","format":"standard","meta":{"footnotes":""},"categories":[86],"tags":[116,32,33,117],"class_list":{"0":"post-184888","1":"post","2":"type-post","3":"status-publish","4":"format-standard","5":"has-post-thumbnail","7":"category-saude","8":"tag-health","9":"tag-portugal","10":"tag-pt","11":"tag-saude"},"share_on_mastodon":{"url":"https:\/\/pubeurope.com\/@pt\/115703978322110457","error":""},"_links":{"self":[{"href":"https:\/\/www.europesays.com\/pt\/wp-json\/wp\/v2\/posts\/184888","targetHints":{"allow":["GET"]}}],"collection":[{"href":"https:\/\/www.europesays.com\/pt\/wp-json\/wp\/v2\/posts"}],"about":[{"href":"https:\/\/www.europesays.com\/pt\/wp-json\/wp\/v2\/types\/post"}],"author":[{"embeddable":true,"href":"https:\/\/www.europesays.com\/pt\/wp-json\/wp\/v2\/users\/2"}],"replies":[{"embeddable":true,"href":"https:\/\/www.europesays.com\/pt\/wp-json\/wp\/v2\/comments?post=184888"}],"version-history":[{"count":0,"href":"https:\/\/www.europesays.com\/pt\/wp-json\/wp\/v2\/posts\/184888\/revisions"}],"wp:featuredmedia":[{"embeddable":true,"href":"https:\/\/www.europesays.com\/pt\/wp-json\/wp\/v2\/media\/184889"}],"wp:attachment":[{"href":"https:\/\/www.europesays.com\/pt\/wp-json\/wp\/v2\/media?parent=184888"}],"wp:term":[{"taxonomy":"category","embeddable":true,"href":"https:\/\/www.europesays.com\/pt\/wp-json\/wp\/v2\/categories?post=184888"},{"taxonomy":"post_tag","embeddable":true,"href":"https:\/\/www.europesays.com\/pt\/wp-json\/wp\/v2\/tags?post=184888"}],"curies":[{"name":"wp","href":"https:\/\/api.w.org\/{rel}","templated":true}]}}