{"id":184894,"date":"2025-12-12T01:30:35","date_gmt":"2025-12-12T01:30:35","guid":{"rendered":"https:\/\/www.europesays.com\/pt\/184894\/"},"modified":"2025-12-12T01:30:35","modified_gmt":"2025-12-12T01:30:35","slug":"narradora-renata-silveira-mostra-novas-fotos-do-parto-da-segunda-filha-foi-lindo-demais-fotos","status":"publish","type":"post","link":"https:\/\/www.europesays.com\/pt\/184894\/","title":{"rendered":"Narradora Renata Silveira mostra novas fotos do parto da segunda filha: &#8216;Foi lindo demais&#8217;; fotos"},"content":{"rendered":"\n<p class=\" content-text__container \" data-track-category=\"Link no Texto\" data-track-links=\"\"> &#8220;Bem-vinda ao mundo, Rafaela! Na madrugada de hoje (27 de novembro), \u00e0s 02h18, nossos cora\u00e7\u00f5es se abriram mais uma vez para o amor. Chegou Rafaela, nossa segunda filha, completando e trazendo paz, luz e um novo sentido pra tudo. Estamos transbordando gratid\u00e3o por esse presente t\u00e3o perfeito. Que a vida seja doce com voc\u00ea, nossa pequena, e que a gente saiba ser seu lar, sua for\u00e7a e seu mundo. Com carinho, mam\u00e3e, papai e Be&#8221;. <\/p>\n","protected":false},"excerpt":{"rendered":"&#8220;Bem-vinda ao mundo, Rafaela! Na madrugada de hoje (27 de novembro), \u00e0s 02h18, nossos cora\u00e7\u00f5es se abriram mais&hellip;\n","protected":false},"author":2,"featured_media":184895,"comment_status":"","ping_status":"","sticky":false,"template":"","format":"standard","meta":{"footnotes":""},"categories":[145],"tags":[211,210,114,115,32,33],"class_list":{"0":"post-184894","1":"post","2":"type-post","3":"status-publish","4":"format-standard","5":"has-post-thumbnail","7":"category-celebridades","8":"tag-celebridades","9":"tag-celebrities","10":"tag-entertainment","11":"tag-entretenimento","12":"tag-portugal","13":"tag-pt"},"share_on_mastodon":{"url":"https:\/\/pubeurope.com\/@pt\/115704012666899326","error":""},"_links":{"self":[{"href":"https:\/\/www.europesays.com\/pt\/wp-json\/wp\/v2\/posts\/184894","targetHints":{"allow":["GET"]}}],"collection":[{"href":"https:\/\/www.europesays.com\/pt\/wp-json\/wp\/v2\/posts"}],"about":[{"href":"https:\/\/www.europesays.com\/pt\/wp-json\/wp\/v2\/types\/post"}],"author":[{"embeddable":true,"href":"https:\/\/www.europesays.com\/pt\/wp-json\/wp\/v2\/users\/2"}],"replies":[{"embeddable":true,"href":"https:\/\/www.europesays.com\/pt\/wp-json\/wp\/v2\/comments?post=184894"}],"version-history":[{"count":0,"href":"https:\/\/www.europesays.com\/pt\/wp-json\/wp\/v2\/posts\/184894\/revisions"}],"wp:featuredmedia":[{"embeddable":true,"href":"https:\/\/www.europesays.com\/pt\/wp-json\/wp\/v2\/media\/184895"}],"wp:attachment":[{"href":"https:\/\/www.europesays.com\/pt\/wp-json\/wp\/v2\/media?parent=184894"}],"wp:term":[{"taxonomy":"category","embeddable":true,"href":"https:\/\/www.europesays.com\/pt\/wp-json\/wp\/v2\/categories?post=184894"},{"taxonomy":"post_tag","embeddable":true,"href":"https:\/\/www.europesays.com\/pt\/wp-json\/wp\/v2\/tags?post=184894"}],"curies":[{"name":"wp","href":"https:\/\/api.w.org\/{rel}","templated":true}]}}