{"id":184906,"date":"2025-12-12T01:44:08","date_gmt":"2025-12-12T01:44:08","guid":{"rendered":"https:\/\/www.europesays.com\/pt\/184906\/"},"modified":"2025-12-12T01:44:08","modified_gmt":"2025-12-12T01:44:08","slug":"filho-e-viuva-de-chorao-perdem-os-direitos-da-marca-charlie-brown-entenda","status":"publish","type":"post","link":"https:\/\/www.europesays.com\/pt\/184906\/","title":{"rendered":"Filho e vi\u00fava de Chor\u00e3o perdem os direitos da marca Charlie Brown; entenda"},"content":{"rendered":"<p>O filho do cantor Chor\u00e3o (1970-2013), Alexandre Abr\u00e3o, e a vi\u00fava do artista, Graziela Gon\u00e7alves, <strong>perderam os direitos de propriedade intelectual da marca Charlie Brown<\/strong>, segundo o Uol.<\/p>\n<p>Isso aconteceu ap\u00f3s o Instituto Nacional de Propriedade Intelectual (Inpi) estabelecer que o <a href=\"https:\/\/www.infomoney.com.br\/tudo-sobre\/marcas\" target=\"_blank\" rel=\"noreferrer noopener nofollow\">direito da marca deve ser somente da empresa Peanuts Worldwide<\/a>, que possui direito ao <strong>personagem animado Charlie Brown<\/strong>, dono do Snoopy.<\/p>\n<p><strong>Alexandre conseguiu registrar a marca da banda Charlie Brown Jr. em 2022<\/strong>, juntamente da Peanuts, que contestou a medida. Em 2024, na <a href=\"https:\/\/www.infomoney.com.br\/tudo-sobre\/heranca\" target=\"_blank\" rel=\"noreferrer noopener nofollow\">partilha da heran\u00e7a do m\u00fasico<\/a>, Graziela ficou com 45% dos direitos da marca.<\/p>\n<p class=\"py-2\">Continua depois da publicidade<\/p>\n<p>J\u00e1 <a href=\"https:\/\/www.infomoney.com.br\/tudo-sobre\/marca\" target=\"_blank\" rel=\"noreferrer noopener nofollow\">em 25 de novembro de 2025, o Inpi revogou os direitos da marca Charlie Brown de Alexandre e Graziela<\/a>, mantendo a exclusividade da Peanuts. O instituto justificou a medida visto que a marca \u00e9 suscet\u00edvel \u00e0 confus\u00e3o ou associa\u00e7\u00e3o, implicando na impossibilidade de ser utilizada por outras pessoas sem o consentimento do autor ou titular.<\/p>\n<p>A decis\u00e3o se baseia no Artigo 124 da Lei de Propriedade Intelectual (LPI).<\/p>\n<p>Chor\u00e3o nunca conseguiu direito da marca<\/p>\n<p>O vocalista da banda Charlie Brown Jr. nunca conseguiu propriedade intelectual da marca, mesmo ap\u00f3s de diversas tentativas desde o in\u00edcio do grupo, nos anos 1990. <\/p>\n<p>O Inpi alegava que a Peanuts n\u00e3o aceitava o compartilhamento da marca. O filho do cantor conseguiu a co-propriedade mais de 10 anos ap\u00f3s a morte de Chor\u00e3o.<\/p>\n","protected":false},"excerpt":{"rendered":"O filho do cantor Chor\u00e3o (1970-2013), Alexandre Abr\u00e3o, e a vi\u00fava do artista, Graziela Gon\u00e7alves, perderam os direitos&hellip;\n","protected":false},"author":2,"featured_media":184907,"comment_status":"","ping_status":"","sticky":false,"template":"","format":"standard","meta":{"footnotes":""},"categories":[145],"tags":[211,210,114,115,595,551,150,32,33],"class_list":{"0":"post-184906","1":"post","2":"type-post","3":"status-publish","4":"format-standard","5":"has-post-thumbnail","7":"category-celebridades","8":"tag-celebridades","9":"tag-celebrities","10":"tag-entertainment","11":"tag-entretenimento","12":"tag-marca","13":"tag-marcas","14":"tag-musica","15":"tag-portugal","16":"tag-pt"},"share_on_mastodon":{"url":"https:\/\/pubeurope.com\/@pt\/115704067714741982","error":""},"_links":{"self":[{"href":"https:\/\/www.europesays.com\/pt\/wp-json\/wp\/v2\/posts\/184906","targetHints":{"allow":["GET"]}}],"collection":[{"href":"https:\/\/www.europesays.com\/pt\/wp-json\/wp\/v2\/posts"}],"about":[{"href":"https:\/\/www.europesays.com\/pt\/wp-json\/wp\/v2\/types\/post"}],"author":[{"embeddable":true,"href":"https:\/\/www.europesays.com\/pt\/wp-json\/wp\/v2\/users\/2"}],"replies":[{"embeddable":true,"href":"https:\/\/www.europesays.com\/pt\/wp-json\/wp\/v2\/comments?post=184906"}],"version-history":[{"count":0,"href":"https:\/\/www.europesays.com\/pt\/wp-json\/wp\/v2\/posts\/184906\/revisions"}],"wp:featuredmedia":[{"embeddable":true,"href":"https:\/\/www.europesays.com\/pt\/wp-json\/wp\/v2\/media\/184907"}],"wp:attachment":[{"href":"https:\/\/www.europesays.com\/pt\/wp-json\/wp\/v2\/media?parent=184906"}],"wp:term":[{"taxonomy":"category","embeddable":true,"href":"https:\/\/www.europesays.com\/pt\/wp-json\/wp\/v2\/categories?post=184906"},{"taxonomy":"post_tag","embeddable":true,"href":"https:\/\/www.europesays.com\/pt\/wp-json\/wp\/v2\/tags?post=184906"}],"curies":[{"name":"wp","href":"https:\/\/api.w.org\/{rel}","templated":true}]}}