{"id":184908,"date":"2025-12-12T01:50:21","date_gmt":"2025-12-12T01:50:21","guid":{"rendered":"https:\/\/www.europesays.com\/pt\/184908\/"},"modified":"2025-12-12T01:50:21","modified_gmt":"2025-12-12T01:50:21","slug":"rios-foi-a-ponte-entre-barreiro-e-a-luz-benfica-vence-napoles-e-esta-vivo-na-champions","status":"publish","type":"post","link":"https:\/\/www.europesays.com\/pt\/184908\/","title":{"rendered":"R\u00edos foi a ponte entre Barreiro e a Luz. Benfica vence N\u00e1poles e est\u00e1 vivo na Champions"},"content":{"rendered":"<p data-remotead-prev-elm=\"true\" data-remotead-elm-id=\"inread\"><a href=\"https:\/\/www.tsf.pt\/emdireto\" target=\"_blank\" rel=\"nofollow noopener\"><img decoding=\"async\" class=\"ngx-body\" guid=\"e0f8eb46-5511-4515-9a19-916761ea8b7a\" src=\"https:\/\/www.europesays.com\/pt\/wp-content\/uploads\/2025\/12\/1765504220_634_image.webp\" width=\"100%\"\/><\/a><\/p>\n<p>O Tejo n\u00e3o tem nada a ver com isto, muito menos o concelho do distrito de Set\u00fabal banhado pelas suas \u00e1guas. O Benfica venceu esta quarta-feira o N\u00e1poles por 3-1 no Est\u00e1dio da Luz, em jogo a contar para a sexta jornada da fase regular da Liga dos Campe\u00f5es, e est\u00e1 vivo na luta pelo play-off, ainda que se mantenha na margem sul da classifica\u00e7\u00e3o.<\/p>\n<p><img decoding=\"async\" class=\"ngx-body\" guid=\"363703f7-6dde-440d-988b-dbbd3bff326b\" src=\"https:\/\/www.europesays.com\/pt\/wp-content\/uploads\/2025\/12\/1765504221_475_image.webp\" width=\"100%\"\/><\/p>\n<p data-remotead-prev-elm=\"true\" data-remotead-elm-id=\"centro1\">Depois de v\u00e1rios desperd\u00edcios na cara do guarda-redes napolitano por Aursnes e Ivanovic, o Benfica chegou mesmo \u00e0 vantagem aos 20 minutos. Na insist\u00eancia depois de um canto, Samuel Dahl cruzou \u00e0 esquerda e um ressalto deixou Richard R\u00edos na cara do golo e o colombiano n\u00e3o desperdi\u00e7ou.<\/p>\n<p>J\u00e1 no segundo tempo, Leandro Barreiro aumentou a vantagem das \u00e1guias. Ivanovic soltou R\u00edos \u00e0 direita e o internacional colombiano cruzou para a pequena \u00e1rea, onde Leandro Barreiro desviou de calcanhar para o fundo da baliza do N\u00e1poles.<\/p>\n<p>Com esta vit\u00f3ria, o Benfica sobe ao 25.\u00ba lugar da fase regular da Liga dos Campe\u00f5es, estando a um ponto dos lugares que d\u00e3o acesso ao play-off.<\/p>\n<p><strong>Onze do Benfica: Trubin, Amar Dedic, Tom\u00e1s Ara\u00fajo, Otamendi, Samuel Dahl, Enzo Barrenechea, Richard R\u00edos, Aursnes, Leandro Barreiro, Sudakov e Ivanovic.<\/strong><\/p>\n<p data-remotead-prev-elm=\"true\" data-remotead-elm-id=\"centro3\"><strong>Onze do N\u00e1poles: Milinkovic-Savic, Beukema, Rrahmani, Buongiorno, Di Lorenzo, McTominay, Elmas, Olivera, David Neres, Noa Lang e Hojlund.<\/strong><\/p>\n<p>Suplentes do Benfica: Samuel Soares, Ant\u00f3nio Silva, Pavlidis, Manu Silva, Schjelderup, Prestianni, Jos\u00e9 Neto, Wydner, Rodrigo R\u00eago, Jo\u00e3o Veloso, Jo\u00e3o Rego e Tiago Freitas.<\/p>\n<p>Suplentes do N\u00e1poles: Contini, Ferrante, Juan Jesus, Mateo Politano, Vergara, Lorenzo Lucca, Spinazzola e Ambosino.<\/p>\n","protected":false},"excerpt":{"rendered":"O Tejo n\u00e3o tem nada a ver com isto, muito menos o concelho do distrito de Set\u00fabal banhado&hellip;\n","protected":false},"author":2,"featured_media":184909,"comment_status":"","ping_status":"","sticky":false,"template":"","format":"standard","meta":{"footnotes":""},"categories":[87],"tags":[51,1230,135,1003,2100,37629,32,33,134,37630],"class_list":{"0":"post-184908","1":"post","2":"type-post","3":"status-publish","4":"format-standard","5":"has-post-thumbnail","7":"category-desporto","8":"tag-benfica","9":"tag-champions-league","10":"tag-desporto","11":"tag-liga-dos-campeoes","12":"tag-napoles","13":"tag-ouca-o-relato-tsf","14":"tag-portugal","15":"tag-pt","16":"tag-sports","17":"tag-veja-os-golos"},"share_on_mastodon":{"url":"https:\/\/pubeurope.com\/@pt\/115704091682225870","error":""},"_links":{"self":[{"href":"https:\/\/www.europesays.com\/pt\/wp-json\/wp\/v2\/posts\/184908","targetHints":{"allow":["GET"]}}],"collection":[{"href":"https:\/\/www.europesays.com\/pt\/wp-json\/wp\/v2\/posts"}],"about":[{"href":"https:\/\/www.europesays.com\/pt\/wp-json\/wp\/v2\/types\/post"}],"author":[{"embeddable":true,"href":"https:\/\/www.europesays.com\/pt\/wp-json\/wp\/v2\/users\/2"}],"replies":[{"embeddable":true,"href":"https:\/\/www.europesays.com\/pt\/wp-json\/wp\/v2\/comments?post=184908"}],"version-history":[{"count":0,"href":"https:\/\/www.europesays.com\/pt\/wp-json\/wp\/v2\/posts\/184908\/revisions"}],"wp:featuredmedia":[{"embeddable":true,"href":"https:\/\/www.europesays.com\/pt\/wp-json\/wp\/v2\/media\/184909"}],"wp:attachment":[{"href":"https:\/\/www.europesays.com\/pt\/wp-json\/wp\/v2\/media?parent=184908"}],"wp:term":[{"taxonomy":"category","embeddable":true,"href":"https:\/\/www.europesays.com\/pt\/wp-json\/wp\/v2\/categories?post=184908"},{"taxonomy":"post_tag","embeddable":true,"href":"https:\/\/www.europesays.com\/pt\/wp-json\/wp\/v2\/tags?post=184908"}],"curies":[{"name":"wp","href":"https:\/\/api.w.org\/{rel}","templated":true}]}}