{"id":184914,"date":"2025-12-12T01:54:21","date_gmt":"2025-12-12T01:54:21","guid":{"rendered":"https:\/\/www.europesays.com\/pt\/184914\/"},"modified":"2025-12-12T01:54:21","modified_gmt":"2025-12-12T01:54:21","slug":"time-anuncia-personalidade-do-ano-os-arquitectos-da-ia-inteligencia-artificial","status":"publish","type":"post","link":"https:\/\/www.europesays.com\/pt\/184914\/","title":{"rendered":"Time anuncia \u201cPersonalidade do Ano\u201d: \u201cOs Arquitectos da IA\u201d | Intelig\u00eancia artificial"},"content":{"rendered":"<p>A \u201cPersonalidade do Ano\u201d da Time em 2025 n\u00e3o \u00e9 um indiv\u00edduo, mas uma esp\u00e9cie de movimento. O reconhecimento da revista foi para os \u201cArquitectos da Intelig\u00eancia Artificial\u201d, um grupo de figuras que est\u00e3o a liderar o desenvolvimento da tecnologia, que vai desde Elon Musk, dono da rede social X, a Fei-Fei Li, a cientista chinesa conhecida como a \u201cmadrinha da IA\u201d.<\/p>\n<p>Jensen Huang, CEO da<a href=\"https:\/\/www.publico.pt\/nvidia\" rel=\"nofollow noopener\" target=\"_blank\"> Nvidia<\/a>, tamb\u00e9m \u00e9 uma dessas figuras. A gigante tecnol\u00f3gica come\u00e7ou por se especializar no fabrico de processadores gr\u00e1ficos para videojogos. Actualmente, \u00e9 a empresa mais valiosa do mundo, gra\u00e7as ao \u201cquase monop\u00f3lio\u201d sobre os chips avan\u00e7ados \u201cque impulsionam o boom de <a href=\"https:\/\/www.publico.pt\/inteligencia-artificial\" rel=\"nofollow noopener\" target=\"_blank\">IA<\/a> que est\u00e1 a transformar o planeta.\u201d<\/p>\n<p>\u201c\u00c9 a tecnologia mais influente dos nossos tempos\u201d, disse Huang \u00e0 revista norte-americana.<a href=\"https:\/\/time.com\/7339685\/person-of-the-year-2025-ai-architects\/\" rel=\"nofollow noopener\" target=\"_blank\"> Para a Time<\/a>, pessoas como \u201cHuang e outros tit\u00e3s da tecnologia assumiram o comando da hist\u00f3ria, desenvolvendo a tecnologia e tomando decis\u00f5es que est\u00e3o a redefinir o panorama da informa\u00e7\u00e3o, o clima e os nossos meios de subsist\u00eancia (\u2026) em direc\u00e7\u00e3o a um futuro altamente incerto.\u201d<\/p>\n<p>                &#13;<br \/>\n                    &#13;<br \/>\n                    &#13;<br \/>\n                        Capa da edi\u00e7\u00e3o \u201cPessoa do Ano\u201c de 2025 da TIME&#13;<br \/>\nRevista TIME                    &#13;<\/p>\n<p>                &#13;<br \/>\n                    &#13;<br \/>\n                    &#13;<br \/>\n                        Capa da edi\u00e7\u00e3o \u201cPessoa do Ano\u201d de 2025 da TIME&#13;<br \/>\nRevista TIME                    &#13;<\/p>\n<p>Sam Altman, l\u00edder da <a href=\"https:\/\/www.publico.pt\/openai\" rel=\"nofollow noopener\" target=\"_blank\">OpenAI<\/a>, \u00e9 referido como um dos \u201cpioneiros\u201d da tecnologia, que \u201cnos alertou para os perigos desta corrida [pela intelig\u00eancia artificial]. A dona do ChatGPT, chatbot de IA lan\u00e7ado em 2022, conta agora com 800 milh\u00f5es de utilizadores semanais.<\/p>\n<p>\u201cDurante d\u00e9cadas, a humanidade preparou-se para a ascens\u00e3o das m\u00e1quinas pensantes. Enquanto nos maravilh\u00e1vamos com a sua capacidade de derrotar campe\u00f5es de xadrez e prever estruturas de prote\u00ednas, tamb\u00e9m recu\u00e1vamos perante o seu car\u00e1cter inquietante \u2014 para n\u00e3o falar das amea\u00e7as que representam para a nossa pr\u00f3pria no\u00e7\u00e3o de humanidade\u201d, escreve a revista.<\/p>\n","protected":false},"excerpt":{"rendered":"A \u201cPersonalidade do Ano\u201d da Time em 2025 n\u00e3o \u00e9 um indiv\u00edduo, mas uma esp\u00e9cie de movimento. O&hellip;\n","protected":false},"author":2,"featured_media":184915,"comment_status":"","ping_status":"","sticky":false,"template":"","format":"standard","meta":{"footnotes":"","_share_on_mastodon":"0"},"categories":[83],"tags":[88,642,89,584,90,933,62,32,33,548,1120],"class_list":["post-184914","post","type-post","status-publish","format-standard","has-post-thumbnail","category-empresas","tag-business","tag-chatgpt","tag-economy","tag-elon-musk","tag-empresas","tag-inteligencia-artificial","tag-mundo","tag-portugal","tag-pt","tag-redes-sociais","tag-time"],"share_on_mastodon":{"url":"https:\/\/pubeurope.com\/@pt\/115704107173835046","error":""},"_links":{"self":[{"href":"https:\/\/www.europesays.com\/pt\/wp-json\/wp\/v2\/posts\/184914","targetHints":{"allow":["GET"]}}],"collection":[{"href":"https:\/\/www.europesays.com\/pt\/wp-json\/wp\/v2\/posts"}],"about":[{"href":"https:\/\/www.europesays.com\/pt\/wp-json\/wp\/v2\/types\/post"}],"author":[{"embeddable":true,"href":"https:\/\/www.europesays.com\/pt\/wp-json\/wp\/v2\/users\/2"}],"replies":[{"embeddable":true,"href":"https:\/\/www.europesays.com\/pt\/wp-json\/wp\/v2\/comments?post=184914"}],"version-history":[{"count":0,"href":"https:\/\/www.europesays.com\/pt\/wp-json\/wp\/v2\/posts\/184914\/revisions"}],"wp:featuredmedia":[{"embeddable":true,"href":"https:\/\/www.europesays.com\/pt\/wp-json\/wp\/v2\/media\/184915"}],"wp:attachment":[{"href":"https:\/\/www.europesays.com\/pt\/wp-json\/wp\/v2\/media?parent=184914"}],"wp:term":[{"taxonomy":"category","embeddable":true,"href":"https:\/\/www.europesays.com\/pt\/wp-json\/wp\/v2\/categories?post=184914"},{"taxonomy":"post_tag","embeddable":true,"href":"https:\/\/www.europesays.com\/pt\/wp-json\/wp\/v2\/tags?post=184914"}],"curies":[{"name":"wp","href":"https:\/\/api.w.org\/{rel}","templated":true}]}}