{"id":184916,"date":"2025-12-12T01:58:20","date_gmt":"2025-12-12T01:58:20","guid":{"rendered":"https:\/\/www.europesays.com\/pt\/184916\/"},"modified":"2025-12-12T01:58:20","modified_gmt":"2025-12-12T01:58:20","slug":"fernanda-rodrigues-se-emociona-ao-celebrar-os-16-anos-da-filha-e-igualzinha-a-mim","status":"publish","type":"post","link":"https:\/\/www.europesays.com\/pt\/184916\/","title":{"rendered":"Fernanda Rodrigues se emociona ao celebrar os 16 anos da filha: &#8216;\u00c9 igualzinha a mim&#8217;"},"content":{"rendered":"\n<p class=\" content-text__container \" data-track-category=\"Link no Texto\" data-track-links=\"\"> Ela completou: &#8220;Hoje, nos seus 16 anos, eu s\u00f3 consigo agradecer. Agradecer profundamente por voc\u00ea ter me escolhido para ser sua m\u00e3e e por trazer tanto significado e tanto amor para a minha vida. A sua chegada era exatamente o que eu precisava. Ou melhor: o que eu sempre sonhei. Ent\u00e3o, 16 anos depois, s\u00f3 posso dizer: obrigada. Obrigada por ser essa menina maravilhosa que me ensina, me inspira e me enche de amor todos os dias. Te amo infinito, al\u00e9m\u2026 com toda a gratid\u00e3o do meu cora\u00e7\u00e3o.&#8221; <\/p>\n","protected":false},"excerpt":{"rendered":"Ela completou: &#8220;Hoje, nos seus 16 anos, eu s\u00f3 consigo agradecer. Agradecer profundamente por voc\u00ea ter me escolhido&hellip;\n","protected":false},"author":2,"featured_media":184917,"comment_status":"","ping_status":"","sticky":false,"template":"","format":"standard","meta":{"footnotes":""},"categories":[145],"tags":[211,210,114,115,32,33],"class_list":{"0":"post-184916","1":"post","2":"type-post","3":"status-publish","4":"format-standard","5":"has-post-thumbnail","7":"category-celebridades","8":"tag-celebridades","9":"tag-celebrities","10":"tag-entertainment","11":"tag-entretenimento","12":"tag-portugal","13":"tag-pt"},"share_on_mastodon":{"url":"https:\/\/pubeurope.com\/@pt\/115704122812909900","error":""},"_links":{"self":[{"href":"https:\/\/www.europesays.com\/pt\/wp-json\/wp\/v2\/posts\/184916","targetHints":{"allow":["GET"]}}],"collection":[{"href":"https:\/\/www.europesays.com\/pt\/wp-json\/wp\/v2\/posts"}],"about":[{"href":"https:\/\/www.europesays.com\/pt\/wp-json\/wp\/v2\/types\/post"}],"author":[{"embeddable":true,"href":"https:\/\/www.europesays.com\/pt\/wp-json\/wp\/v2\/users\/2"}],"replies":[{"embeddable":true,"href":"https:\/\/www.europesays.com\/pt\/wp-json\/wp\/v2\/comments?post=184916"}],"version-history":[{"count":0,"href":"https:\/\/www.europesays.com\/pt\/wp-json\/wp\/v2\/posts\/184916\/revisions"}],"wp:featuredmedia":[{"embeddable":true,"href":"https:\/\/www.europesays.com\/pt\/wp-json\/wp\/v2\/media\/184917"}],"wp:attachment":[{"href":"https:\/\/www.europesays.com\/pt\/wp-json\/wp\/v2\/media?parent=184916"}],"wp:term":[{"taxonomy":"category","embeddable":true,"href":"https:\/\/www.europesays.com\/pt\/wp-json\/wp\/v2\/categories?post=184916"},{"taxonomy":"post_tag","embeddable":true,"href":"https:\/\/www.europesays.com\/pt\/wp-json\/wp\/v2\/tags?post=184916"}],"curies":[{"name":"wp","href":"https:\/\/api.w.org\/{rel}","templated":true}]}}