{"id":184918,"date":"2025-12-12T02:02:10","date_gmt":"2025-12-12T02:02:10","guid":{"rendered":"https:\/\/www.europesays.com\/pt\/184918\/"},"modified":"2025-12-12T02:02:10","modified_gmt":"2025-12-12T02:02:10","slug":"silva-e-luna-afasta-diretora-superintendente-do-foztrans-radio-cultura-foz-am-820","status":"publish","type":"post","link":"https:\/\/www.europesays.com\/pt\/184918\/","title":{"rendered":"Silva e Luna afasta diretora-superintendente do Foztrans \u2013 R\u00e1dio Cultura Foz \u2013 AM 820"},"content":{"rendered":"<p data-start=\"335\" data-end=\"677\">A Prefeitura de Foz do Igua\u00e7u oficializou o afastamento, a pedido, de Aline Maicroviz Martins Duarte dos cargos de diretora-superintendente do Instituto de Transportes e Tr\u00e2nsito (ITTI) e de secret\u00e1ria municipal de Transporte e Mobilidade Urbana.<\/p>\n<p data-start=\"335\" data-end=\"677\">O afastamento, de acordo com a portaria publicada no Di\u00e1rio Oficial dessa quinta-feira (11), ocorre por motivos particulares e sem remunera\u00e7\u00e3o durante o per\u00edodo estabelecido.<\/p>\n<p data-start=\"679\" data-end=\"1040\">Com a mudan\u00e7a, prefeito Silva e Luna designou Felipe Rimolo Cosendey, atual diretor administrativo-financeiro, para exercer cumulativamente e de forma interina a fun\u00e7\u00e3o de diretor-superintendente do Foztrans. J\u00e1 Maxwell Lucena de Moraes, diretor de Tr\u00e2nsito e Infraestrutura, foi indicado para responder interinamente pela Secretaria Municipal de Transporte e Mobilidade Urbana.<\/p>\n<p>Aline ocupava os cargos desde o in\u00edcio da gest\u00e3o Silva e Luna e vinha recebendo cr\u00edticas pela atua\u00e7\u00e3o desempenhada nas fun\u00e7\u00f5es e chegou a ser chamada para prestar esclarecimentos na C\u00e2mara de Vereadores, mas alegou compromissos agendados na data.<\/p>\n<p data-start=\"679\" data-end=\"1040\">No \u00faltimo dia 13 de novembro, C\u00e2mara de Vereadores aprovou a cria\u00e7\u00e3o de uma Comiss\u00e3o Parlamentar de Inqu\u00e9rito (CPI), para investigar o Instituto de Transporte e Tr\u00e2nsito de Foz do Igua\u00e7u (Foztrans). A CPI do Foztrans, criada pelo requerimento n\u00ba 742\/2025, tem como objetivo apurar eventuais irregularidades e m\u00e1 gest\u00e3o no \u00f3rg\u00e3o municipal de tr\u00e2nsito.<\/p>\n","protected":false},"excerpt":{"rendered":"A Prefeitura de Foz do Igua\u00e7u oficializou o afastamento, a pedido, de Aline Maicroviz Martins Duarte dos cargos&hellip;\n","protected":false},"author":2,"featured_media":184919,"comment_status":"","ping_status":"","sticky":false,"template":"","format":"standard","meta":{"footnotes":""},"categories":[141],"tags":[114,115,149,150,32,33],"class_list":{"0":"post-184918","1":"post","2":"type-post","3":"status-publish","4":"format-standard","5":"has-post-thumbnail","7":"category-musica","8":"tag-entertainment","9":"tag-entretenimento","10":"tag-music","11":"tag-musica","12":"tag-portugal","13":"tag-pt"},"share_on_mastodon":{"url":"https:\/\/pubeurope.com\/@pt\/115704138533559880","error":""},"_links":{"self":[{"href":"https:\/\/www.europesays.com\/pt\/wp-json\/wp\/v2\/posts\/184918","targetHints":{"allow":["GET"]}}],"collection":[{"href":"https:\/\/www.europesays.com\/pt\/wp-json\/wp\/v2\/posts"}],"about":[{"href":"https:\/\/www.europesays.com\/pt\/wp-json\/wp\/v2\/types\/post"}],"author":[{"embeddable":true,"href":"https:\/\/www.europesays.com\/pt\/wp-json\/wp\/v2\/users\/2"}],"replies":[{"embeddable":true,"href":"https:\/\/www.europesays.com\/pt\/wp-json\/wp\/v2\/comments?post=184918"}],"version-history":[{"count":0,"href":"https:\/\/www.europesays.com\/pt\/wp-json\/wp\/v2\/posts\/184918\/revisions"}],"wp:featuredmedia":[{"embeddable":true,"href":"https:\/\/www.europesays.com\/pt\/wp-json\/wp\/v2\/media\/184919"}],"wp:attachment":[{"href":"https:\/\/www.europesays.com\/pt\/wp-json\/wp\/v2\/media?parent=184918"}],"wp:term":[{"taxonomy":"category","embeddable":true,"href":"https:\/\/www.europesays.com\/pt\/wp-json\/wp\/v2\/categories?post=184918"},{"taxonomy":"post_tag","embeddable":true,"href":"https:\/\/www.europesays.com\/pt\/wp-json\/wp\/v2\/tags?post=184918"}],"curies":[{"name":"wp","href":"https:\/\/api.w.org\/{rel}","templated":true}]}}