{"id":184926,"date":"2025-12-12T02:11:09","date_gmt":"2025-12-12T02:11:09","guid":{"rendered":"https:\/\/www.europesays.com\/pt\/184926\/"},"modified":"2025-12-12T02:11:09","modified_gmt":"2025-12-12T02:11:09","slug":"os-professores-que-adoram-fazer-greves-antes-do-fim-de-semana-continuam-amanha-para-terem-quatro-dias-de-fim-de-semana-sousa-tavares-e-a-greve-geral","status":"publish","type":"post","link":"https:\/\/www.europesays.com\/pt\/184926\/","title":{"rendered":"&#8220;Os professores, que adoram fazer greves antes do fim de semana, continuam amanh\u00e3 para terem quatro dias de fim de semana&#8221;: Sousa Tavares e a greve geral"},"content":{"rendered":"<p>\t                Comentador da TVI tra\u00e7ou a sua vis\u00e3o sobre um pacote laboral que tem coisas positivas e negativas<\/p>\n<p style=\"margin-bottom:11px\">A greve geral marcou esta quinta-feira em Portugal, mas Miguel Sousa Tavares n\u00e3o notou especiais constrangimentos.<\/p>\n<p>O comentador da TVI estava em Lisboa e foi a uma esta\u00e7\u00e3o de servi\u00e7o, a uma pastelaria, a uma farm\u00e1cia, a um hotel e a um restaurante e estava \u201ctudo igual\u201d. A caminho de Queluz de Baixo notou \u201cum bocadinho mais de tr\u00e2nsito\u201d, o que atribui ao maior n\u00famero de carros na estrada motivado pela paralisa\u00e7\u00e3o nos transportes.<\/p>\n<p>\u201cA minha conclus\u00e3o resulta da perce\u00e7\u00e3o \u00e9 que a Fun\u00e7\u00e3o P\u00fablica fez greve maci\u00e7amente e quem n\u00e3o tem como patr\u00e3o o Estado n\u00e3o fez greve, trabalhou, o que \u00e9 normal\u201d, afirmou.<\/p>\n<p>Miguel Sousa Tavares lembrou mesmo o caso da CP, onde os sindicatos anteciparam a greve para quarta-feira e a estenderam at\u00e9 sexta-feira, realizando tr\u00eas dias seguidos de paralisa\u00e7\u00e3o.<\/p>\n<p>\u201cA CP \u00e9 a empresa p\u00fablica \u00e9 a empresa p\u00fablica que faz mais greves no pa\u00eds e os professores, que adoram fazer greves antes do fim de semana, continuam amanh\u00e3 para ter quatro dias de fim de semana\u201d, acrescentou, sublinhando que, no seu entender, \u00e9 algo que cai mal na opini\u00e3o p\u00fablica.<\/p>\n<p>Num olhar geral, Miguel Sousa Tavares v\u00ea \u201ctoda a for\u00e7a\u201d da greve na UGT, mais pr\u00f3xima do centro pol\u00edtico, mas isso n\u00e3o quer dizer que a guerra tenha sido ganha.<\/p>\n<p>O comentador da TVI lembra que houve acusa\u00e7\u00f5es de \u201cretrocesso civilizacional\u201d, mas sublinha que muitas das alega\u00e7\u00f5es s\u00e3o falsas, nomeadamente as da possibilidade de despedimentos sem justa causa.<\/p>\n<p>&#8220;O que esta nova lei pretende fazer \u00e9 que o patr\u00e3o diga &#8216;n\u00e3o, eu n\u00e3o reintegro, eu indemnizo para que ele n\u00e3o volte&#8217;. Isto \u00e9 facilmente entend\u00edvel&#8221;, frisou, defendendo que isso permite um melhor ambiente nas empresas, ainda que existam medidas que s\u00e3o &#8220;contra os trabalhadores&#8221;.<\/p>\n<p>No geral, e para Miguel Sousa Tavares, esta reforma laboral acaba por ser equilibrada entre medidas positivas e negativas.<\/p>\n","protected":false},"excerpt":{"rendered":"Comentador da TVI tra\u00e7ou a sua vis\u00e3o sobre um pacote laboral que tem coisas positivas e negativas A&hellip;\n","protected":false},"author":2,"featured_media":61145,"comment_status":"","ping_status":"","sticky":false,"template":"","format":"standard","meta":{"footnotes":""},"categories":[10],"tags":[609,836,611,27,28,607,608,333,832,604,135,610,476,15,16,301,1322,31789,830,14,603,25,26,570,21,22,831,833,12270,62,834,12,13,19,20,835,602,52,32,23,24,4221,33,17,18,29,30,31],"class_list":{"0":"post-184926","1":"post","2":"type-post","3":"status-publish","4":"format-standard","5":"has-post-thumbnail","7":"category-portugal","8":"tag-alerta","9":"tag-analise","10":"tag-ao-minuto","11":"tag-breaking-news","12":"tag-breakingnews","13":"tag-cnn","14":"tag-cnn-portugal","15":"tag-comentadores","16":"tag-costa","17":"tag-crime","18":"tag-desporto","19":"tag-direto","20":"tag-economia","21":"tag-featured-news","22":"tag-featurednews","23":"tag-governo","24":"tag-greve","25":"tag-greve-geral","26":"tag-guerra","27":"tag-headlines","28":"tag-justica","29":"tag-latest-news","30":"tag-latestnews","31":"tag-live","32":"tag-main-news","33":"tag-mainnews","34":"tag-mais-vistas","35":"tag-marcelo","36":"tag-miguel-sousa-tavares","37":"tag-mundo","38":"tag-negocios","39":"tag-news","40":"tag-noticias","41":"tag-noticias-principais","42":"tag-noticiasprincipais","43":"tag-opiniao","44":"tag-pais","45":"tag-politica","46":"tag-portugal","47":"tag-principais-noticias","48":"tag-principaisnoticias","49":"tag-professores","50":"tag-pt","51":"tag-top-stories","52":"tag-topstories","53":"tag-ultimas","54":"tag-ultimas-noticias","55":"tag-ultimasnoticias"},"share_on_mastodon":{"url":"","error":"Validation failed: Text character limit of 500 exceeded"},"_links":{"self":[{"href":"https:\/\/www.europesays.com\/pt\/wp-json\/wp\/v2\/posts\/184926","targetHints":{"allow":["GET"]}}],"collection":[{"href":"https:\/\/www.europesays.com\/pt\/wp-json\/wp\/v2\/posts"}],"about":[{"href":"https:\/\/www.europesays.com\/pt\/wp-json\/wp\/v2\/types\/post"}],"author":[{"embeddable":true,"href":"https:\/\/www.europesays.com\/pt\/wp-json\/wp\/v2\/users\/2"}],"replies":[{"embeddable":true,"href":"https:\/\/www.europesays.com\/pt\/wp-json\/wp\/v2\/comments?post=184926"}],"version-history":[{"count":0,"href":"https:\/\/www.europesays.com\/pt\/wp-json\/wp\/v2\/posts\/184926\/revisions"}],"wp:featuredmedia":[{"embeddable":true,"href":"https:\/\/www.europesays.com\/pt\/wp-json\/wp\/v2\/media\/61145"}],"wp:attachment":[{"href":"https:\/\/www.europesays.com\/pt\/wp-json\/wp\/v2\/media?parent=184926"}],"wp:term":[{"taxonomy":"category","embeddable":true,"href":"https:\/\/www.europesays.com\/pt\/wp-json\/wp\/v2\/categories?post=184926"},{"taxonomy":"post_tag","embeddable":true,"href":"https:\/\/www.europesays.com\/pt\/wp-json\/wp\/v2\/tags?post=184926"}],"curies":[{"name":"wp","href":"https:\/\/api.w.org\/{rel}","templated":true}]}}