{"id":184927,"date":"2025-12-12T02:13:12","date_gmt":"2025-12-12T02:13:12","guid":{"rendered":"https:\/\/www.europesays.com\/pt\/184927\/"},"modified":"2025-12-12T02:13:12","modified_gmt":"2025-12-12T02:13:12","slug":"esposa-de-mauricio-manieri-fala-pela-1a-vez-apos-avc-nasci-de-novo","status":"publish","type":"post","link":"https:\/\/www.europesays.com\/pt\/184927\/","title":{"rendered":"Esposa de Mauricio Manieri fala pela 1\u00aa vez ap\u00f3s AVC: &#8220;Nasci de novo&#8221;"},"content":{"rendered":"<p>Nesta quinta-feira (11), <strong>Iza Stein<\/strong>, esposa de <strong>Mauricio Manieri<\/strong>, se manifestou pela primeira vez ap\u00f3s sofrer um AVC (acidente vascular cerebral) transit\u00f3rio com paralisia facial. Ela est\u00e1 internada em um hospital de S\u00e3o Paulo desde o \u00faltimo dia 4 e, no in\u00edcio desta semana, precisou passar por um procedimento card\u00edaco.<\/p>\n<p>Nas redes sociais, Iza e o marido postaram v\u00eddeos atualizando o estado de sa\u00fade dela, que falou em milagre: &#8220;Obrigada pela ora\u00e7\u00f5es, pelo carinho. Nasci de novo. O bra\u00e7o j\u00e1 voltou&#8221;.<\/p>\n<p>+\u00a0<a href=\"https:\/\/natelinha.uol.com.br\/famosos\/2025\/12\/11\/ze-felipe-se-pronuncia-apos-deslize-no-premio-multishow-sei-ler-235151.php\" rel=\"nofollow noopener\" target=\"_blank\">Z\u00e9 Felipe se pronuncia ap\u00f3s deslize no Pr\u00eamio Multishow: &#8220;Sei ler&#8221;<\/a><\/p>\n<p>continua depois da publicidade<\/p>\n<p>+\u00a0<a href=\"https:\/\/natelinha.uol.com.br\/televisao\/2025\/12\/11\/dan-stulbach-revela-ultimos-momentos-com-o-pai-eu-nao-era-eu-235146.php\" rel=\"nofollow noopener\" target=\"_blank\">Dan Stulbach revela \u00faltimos momentos com o pai: &#8220;Eu n\u00e3o era eu&#8221;<\/a><\/p>\n<p>&#8220;Bom dia, gente. Passando aqui pela primeira vez para agradecer as ora\u00e7\u00f5es, carinho, mensagens. Foi um susto, um milagre. Ainda n\u00e3o voltei 100%, mas tenho certeza que, em breve, com a fisioterapia vou estar recuperada. O mais importante \u00e9 que estou viva ao lado da minha fam\u00edlia, das pessoas que eu amo&#8221;, continuou.<\/p>\n<p>J\u00e1 Mauricio Manieri, se pronunciou na legenda do post: &#8220;Hora do meu amor voltar pra casa! Obrigado meu Deus por tudo! Obrigado Jesus pela Gra\u00e7a e milagre recebidos. Obrigado a todos da equipe m\u00e9dica e do hospital que nos receberam com tanto carinho e muita excel\u00eancia. Voc\u00eas foram anjos em nossas vidas&#8221;.<\/p>\n<p>continua depois da publicidade<\/p>\n<p>&#8220;Obrigado pelas mensagens e ora\u00e7\u00f5es de todos voc\u00eas: fam\u00edlia, amigos e f\u00e3s! Foram muito importantes nesse momento dif\u00edcil em nossas vidas! Em nome de toda nossa fam\u00edlia, nosso eterno agradecimento&#8221;, concluiu o famoso.<\/p>\n<blockquote class=\"instagram-media\" data-instgrm-captioned=\"\" data-instgrm-version=\"7\" style=\"width:100%;\"><p>\n\t\t\t\t\t\t\t\t\t<a href=\"https:\/\/www.instagram.com\/p\/DSICuGnkQ2l\/\" rel=\"nofollow noopener\" target=\"_blank\">\n\t\t\t\t\t\t\t\t<\/p><\/blockquote>\n<p>Mauricio Manieri estava atualizando estado de esposa<\/p>\n<p><a href=\"https:\/\/natelinha.uol.com.br\/famosos\/2025\/12\/10\/mauricio-manieri-diz-que-esposa-sofreu-avc-e-esta-na-uti-desesperador-235073.php\" rel=\"nofollow noopener\" target=\"_blank\">Mauricio Manieri era quem estava respons\u00e1vel por atualizar o estado de sa\u00fade de Iza Stein<\/a>. Na ter\u00e7a-feira (9), o cantor deu boas not\u00edcias sobre a esposa.<\/p>\n<p>&#8220;Ela teve um AVC dias atr\u00e1s e teve que fazer uma cirurgia no cora\u00e7\u00e3o, mas Deus realizou um milagre e ela est\u00e1 superbem e tamb\u00e9m sem sequelas. Em alguns dias temos f\u00e9 que vai ter alta. Obrigado pelas mensagens e tamb\u00e9m pelas ora\u00e7\u00f5es, meus amores! Est\u00e3o sendo muito importantes para a recupera\u00e7\u00e3o da Izinha. Seguimos orando! Beijo&#8221;, comentou o artista.<\/p>\n<p>continua depois da publicidade<\/p>\n<p>                    <script async src=\"\/\/www.instagram.com\/embed.js\"><\/script><\/p>\n","protected":false},"excerpt":{"rendered":"Nesta quinta-feira (11), Iza Stein, esposa de Mauricio Manieri, se manifestou pela primeira vez ap\u00f3s sofrer um AVC&hellip;\n","protected":false},"author":2,"featured_media":184928,"comment_status":"","ping_status":"","sticky":false,"template":"","format":"standard","meta":{"footnotes":""},"categories":[145],"tags":[211,210,114,115,37443,32,33],"class_list":{"0":"post-184927","1":"post","2":"type-post","3":"status-publish","4":"format-standard","5":"has-post-thumbnail","7":"category-celebridades","8":"tag-celebridades","9":"tag-celebrities","10":"tag-entertainment","11":"tag-entretenimento","12":"tag-mauricio-manieri","13":"tag-portugal","14":"tag-pt"},"share_on_mastodon":{"url":"https:\/\/pubeurope.com\/@pt\/115704181806190305","error":""},"_links":{"self":[{"href":"https:\/\/www.europesays.com\/pt\/wp-json\/wp\/v2\/posts\/184927","targetHints":{"allow":["GET"]}}],"collection":[{"href":"https:\/\/www.europesays.com\/pt\/wp-json\/wp\/v2\/posts"}],"about":[{"href":"https:\/\/www.europesays.com\/pt\/wp-json\/wp\/v2\/types\/post"}],"author":[{"embeddable":true,"href":"https:\/\/www.europesays.com\/pt\/wp-json\/wp\/v2\/users\/2"}],"replies":[{"embeddable":true,"href":"https:\/\/www.europesays.com\/pt\/wp-json\/wp\/v2\/comments?post=184927"}],"version-history":[{"count":0,"href":"https:\/\/www.europesays.com\/pt\/wp-json\/wp\/v2\/posts\/184927\/revisions"}],"wp:featuredmedia":[{"embeddable":true,"href":"https:\/\/www.europesays.com\/pt\/wp-json\/wp\/v2\/media\/184928"}],"wp:attachment":[{"href":"https:\/\/www.europesays.com\/pt\/wp-json\/wp\/v2\/media?parent=184927"}],"wp:term":[{"taxonomy":"category","embeddable":true,"href":"https:\/\/www.europesays.com\/pt\/wp-json\/wp\/v2\/categories?post=184927"},{"taxonomy":"post_tag","embeddable":true,"href":"https:\/\/www.europesays.com\/pt\/wp-json\/wp\/v2\/tags?post=184927"}],"curies":[{"name":"wp","href":"https:\/\/api.w.org\/{rel}","templated":true}]}}