{"id":184931,"date":"2025-12-12T02:17:24","date_gmt":"2025-12-12T02:17:24","guid":{"rendered":"https:\/\/www.europesays.com\/pt\/184931\/"},"modified":"2025-12-12T02:17:24","modified_gmt":"2025-12-12T02:17:24","slug":"a24-libera-trailer-insano-de-the-moment-filme-estrelado-por-charli-xcx","status":"publish","type":"post","link":"https:\/\/www.europesays.com\/pt\/184931\/","title":{"rendered":"A24 libera trailer insano de \u2018The Moment\u2019, filme estrelado por Charli xcx"},"content":{"rendered":"<p>A<\/p>\n<p>\u00a0<\/p>\n<p>A24 finalmente divulgou o primeiro trailer completo de <strong>The Moment<\/strong>, novo longa estrelado por <a href=\"https:\/\/capricho.abril.com.br\/noticias-sobre\/charli-xcx\/\" target=\"_blank\" rel=\"noopener nofollow\"><strong>Charli xcx<\/strong><\/a> que chega aos cinemas em 30 de janeiro de 2026. A pr\u00e9via j\u00e1 deixa claro: o filme vai mergulhar sem pena no universo da m\u00fasica pop, usando muita ironia, caos est\u00e9tico e uma vers\u00e3o \u201cinfernal\u201d da pr\u00f3pria Charli para comentar fama, criatividade e tudo o que vem com o t\u00edtulo de it girl do pop alternativo.<\/p>\n<p>Dirigido por <strong>Aidan Zamiri<\/strong> \u2014 que j\u00e1 colaborou com a cantora em clipes como 360 \u2014 o mocument\u00e1rio marca a estreia do cineasta em longas e \u00e9 baseado em uma ideia original da pr\u00f3pria Charli. O filme tamb\u00e9m foi confirmado como estreia mundial no Festival de Sundance 2026, consolidando a produ\u00e7\u00e3o como uma das mais aguardadas do ano.<\/p>\n<p>No trailer, Charli aparece vivendo o auge da era brat, mas dentro de uma narrativa ficcional que apresenta essa fase como sua primeira turn\u00ea em arenas. O clima? Total press\u00e3o. Equipes, executivos e marcas querem garantir que a palavra brat continue viral e a cantora parece prestes a explodir no processo.<\/p>\n<p>    Continua ap\u00f3s a publicidade<\/p>\n<p>Em uma das cenas, ela brinca: \u201cN\u00e3o acha meio cringe esse neg\u00f3cio de \u2018continue tendo um brat summer\u2019?\u201d O humor \u00e1cido \u00e9 parte central do filme, que usa exagero e autoconsci\u00eancia para satirizar o tipo de artista que todo mundo espera que ela seja.<\/p>\n<p>Tem at\u00e9 conselho de <strong><a href=\"https:\/\/capricho.abril.com.br\/noticias-sobre\/kylie-jenner\/\" rel=\"nofollow noopener\" target=\"_blank\">Kylie Jenner<\/a><\/strong>, que surge dizendo: \u201cQuando as pessoas come\u00e7am a cansar de voc\u00ea, \u00e9 a\u00ed que voc\u00ea tem que ir ainda mais longe.\u201d<\/p>\n<p>O trailer tamb\u00e9m mostra cen\u00e1rios de show gigantescos, como um isqueiro flamejante do tamanho de um carro, produtos promocionais absurdos (incluindo um cart\u00e3o de cr\u00e9dito BRAT) e momentos em que a protagonista mostra que pode perder o controle a qualquer instante.<\/p>\n<p>    Continua ap\u00f3s a publicidade<\/p>\n<p>Al\u00e9m de Charli, o filme re\u00fane nomes como <strong>Rachel Sennott<\/strong>, <strong>Alexander Skarsg\u00e5rd<\/strong>, <strong>Kate Berlant<\/strong>, <strong>Rosanna<\/strong> <strong>Arquette<\/strong>, <strong>Jamie Demetriou<\/strong>, <strong>Hailey Benton Gates<\/strong>, <strong>Isaac Powell<\/strong>, <strong>Trew Mullen<\/strong>, <strong>Shygirl<\/strong>, <strong>A.G. Cook<\/strong> (que tamb\u00e9m assina parte da trilha) e a pr\u00f3pria <strong>Kylie Jenner<\/strong>.<\/p>\n<p>2026 est\u00e1 virando oficialmente o ano Charli xcx. Al\u00e9m de The Moment, ela tamb\u00e9m estar\u00e1 em I Want Your Sex e The Gallerist, al\u00e9m de assinar a trilha sonora da nova adapta\u00e7\u00e3o de<strong> O Morro dos Ventos Uivantes<\/strong>, dirigida por <strong>Emerald Fennell<\/strong>. A soundtrack chega em <strong>13 de fevereiro de 2026<\/strong>, um dia ap\u00f3s a estreia do longa.<\/p>\n<p><strong>The Moment estreia nos cinemas em 30 de janeiro de 2026.<\/strong><\/p>\n<p><b>+Quer receber as principais not\u00edcias da CAPRICHO direto no celular? Fa\u00e7a parte do nosso canal no Whatsapp, <\/b><a href=\"https:\/\/whatsapp.com\/channel\/0029VaDZV559mrGhVFJRkN3y\" rel=\"nofollow noopener\" target=\"_blank\"><b>clique aqui.<\/b><\/a><a href=\"https:\/\/whatsapp.com\/channel\/0029VaDZV559mrGhVFJRkN3y\" rel=\"nofollow noopener\" target=\"_blank\"><b\/><b\/><\/a><\/p>\n<p>                Newsletter CH<br \/>\n                <img decoding=\"async\" src=\"https:\/\/capricho.abril.com.br\/wp-content\/themes\/abril-capricho-new\/inc\/images\/logo.svg\"\/><\/p>\n<p>                            Inscreva-se<br \/>\n                            e receba no seu e-mail o melhor do que rolou na semana na CH.<\/p>\n<p>                            Cadastro efetuado com sucesso!<\/p>\n<p>Voc\u00ea receber\u00e1 este conte\u00fado por email em breve.<\/p>\n","protected":false},"excerpt":{"rendered":"A \u00a0 A24 finalmente divulgou o primeiro trailer completo de The Moment, novo longa estrelado por Charli xcx&hellip;\n","protected":false},"author":2,"featured_media":184932,"comment_status":"","ping_status":"","sticky":false,"template":"","format":"standard","meta":{"footnotes":""},"categories":[141],"tags":[114,115,149,150,32,33],"class_list":{"0":"post-184931","1":"post","2":"type-post","3":"status-publish","4":"format-standard","5":"has-post-thumbnail","7":"category-musica","8":"tag-entertainment","9":"tag-entretenimento","10":"tag-music","11":"tag-musica","12":"tag-portugal","13":"tag-pt"},"share_on_mastodon":{"url":"https:\/\/pubeurope.com\/@pt\/115704197708803896","error":""},"_links":{"self":[{"href":"https:\/\/www.europesays.com\/pt\/wp-json\/wp\/v2\/posts\/184931","targetHints":{"allow":["GET"]}}],"collection":[{"href":"https:\/\/www.europesays.com\/pt\/wp-json\/wp\/v2\/posts"}],"about":[{"href":"https:\/\/www.europesays.com\/pt\/wp-json\/wp\/v2\/types\/post"}],"author":[{"embeddable":true,"href":"https:\/\/www.europesays.com\/pt\/wp-json\/wp\/v2\/users\/2"}],"replies":[{"embeddable":true,"href":"https:\/\/www.europesays.com\/pt\/wp-json\/wp\/v2\/comments?post=184931"}],"version-history":[{"count":0,"href":"https:\/\/www.europesays.com\/pt\/wp-json\/wp\/v2\/posts\/184931\/revisions"}],"wp:featuredmedia":[{"embeddable":true,"href":"https:\/\/www.europesays.com\/pt\/wp-json\/wp\/v2\/media\/184932"}],"wp:attachment":[{"href":"https:\/\/www.europesays.com\/pt\/wp-json\/wp\/v2\/media?parent=184931"}],"wp:term":[{"taxonomy":"category","embeddable":true,"href":"https:\/\/www.europesays.com\/pt\/wp-json\/wp\/v2\/categories?post=184931"},{"taxonomy":"post_tag","embeddable":true,"href":"https:\/\/www.europesays.com\/pt\/wp-json\/wp\/v2\/tags?post=184931"}],"curies":[{"name":"wp","href":"https:\/\/api.w.org\/{rel}","templated":true}]}}