{"id":184939,"date":"2025-12-12T02:30:15","date_gmt":"2025-12-12T02:30:15","guid":{"rendered":"https:\/\/www.europesays.com\/pt\/184939\/"},"modified":"2025-12-12T02:30:15","modified_gmt":"2025-12-12T02:30:15","slug":"os-gemeos-sao-reconhecidos-pelo-governo-frances-mostram-que-grafite-pode-estar-nas-ruas-e-museus","status":"publish","type":"post","link":"https:\/\/www.europesays.com\/pt\/184939\/","title":{"rendered":"Os G\u00eameos s\u00e3o reconhecidos pelo governo franc\u00eas: \u2018Mostram que grafite pode estar nas ruas e museus\u2019"},"content":{"rendered":"<p>A c\u00f4nsul-geral Alexandra Mias entregou \u00e0 dupla \u2014 os mundialmente conhecidos Os G\u00eameos \u2014 a ins\u00edgnia de Chevalier des Arts et des Lettres, reconhecimento oficial do governo franc\u00eas pelo impacto dos artistas na cena contempor\u00e2nea e urbana, dentro e fora do Brasil. A ordem, concedida pelo Minist\u00e9rio da Cultura da Fran\u00e7a, celebra personalidades cuja trajet\u00f3ria deixa marca duradoura na cria\u00e7\u00e3o art\u00edstica ou na difus\u00e3o cultural internacional. <\/p>\n<p>\u00c0 Coluna, a c\u00f4nsul-geral francesa disse que Os G\u00eameos revolucionaram o mundo da arte urbana com seu estilo distinto e suas obras monumentais: \u201cA capacidade de capturar a ess\u00eancia da vida cotidiana e transform\u00e1-la em arte \u00e9 o que torna o trabalho deles t\u00e3o poderoso e universalmente apreciado. Os G\u00eameos tamb\u00e9m mostraram que o grafite \u00e9 uma verdadeira linguagem art\u00edstica, capaz de ocupar tanto os muros e as ruas quanto os grandes museus do mundo. Eles romperam fronteiras sem nunca se afastar de onde vieram: o Cambuci, a cultura da rua e a liberdade criativa. Essa vis\u00e3o da cultura ecoa muito a vis\u00e3o da Fran\u00e7a\u201d, afirma.<\/p>\n<p> Com mais de 30 anos de estrada e presen\u00e7a em mais de 60 pa\u00edses, Os G\u00eameos mant\u00eam longa rela\u00e7\u00e3o com a Fran\u00e7a \u2014 premiados no Salon da Soci\u00e9t\u00e9 Nationale des Beaux-Arts, em 2008, e autores da instala\u00e7\u00e3o nos t\u00faneis subterr\u00e2neos do Palais de Tokyo, em parceria com JR. Hoje, o v\u00ednculo segue vivo, do mural no Lyc\u00e9e International Fran\u00e7ais de S\u00e3o Paulo \u00e0s muitas colabora\u00e7\u00f5es culturais entre os dois pa\u00edses.<\/p>\n","protected":false},"excerpt":{"rendered":"A c\u00f4nsul-geral Alexandra Mias entregou \u00e0 dupla \u2014 os mundialmente conhecidos Os G\u00eameos \u2014 a ins\u00edgnia de Chevalier&hellip;\n","protected":false},"author":2,"featured_media":184940,"comment_status":"","ping_status":"","sticky":false,"template":"","format":"standard","meta":{"footnotes":""},"categories":[144],"tags":[207,205,206,203,201,202,204,114,115,32,33],"class_list":{"0":"post-184939","1":"post","2":"type-post","3":"status-publish","4":"format-standard","5":"has-post-thumbnail","7":"category-arte-e-design","8":"tag-arte","9":"tag-arte-e-design","10":"tag-artedesign","11":"tag-arts","12":"tag-arts-and-design","13":"tag-artsanddesign","14":"tag-design","15":"tag-entertainment","16":"tag-entretenimento","17":"tag-portugal","18":"tag-pt"},"share_on_mastodon":{"url":"https:\/\/pubeurope.com\/@pt\/115704248614849909","error":""},"_links":{"self":[{"href":"https:\/\/www.europesays.com\/pt\/wp-json\/wp\/v2\/posts\/184939","targetHints":{"allow":["GET"]}}],"collection":[{"href":"https:\/\/www.europesays.com\/pt\/wp-json\/wp\/v2\/posts"}],"about":[{"href":"https:\/\/www.europesays.com\/pt\/wp-json\/wp\/v2\/types\/post"}],"author":[{"embeddable":true,"href":"https:\/\/www.europesays.com\/pt\/wp-json\/wp\/v2\/users\/2"}],"replies":[{"embeddable":true,"href":"https:\/\/www.europesays.com\/pt\/wp-json\/wp\/v2\/comments?post=184939"}],"version-history":[{"count":0,"href":"https:\/\/www.europesays.com\/pt\/wp-json\/wp\/v2\/posts\/184939\/revisions"}],"wp:featuredmedia":[{"embeddable":true,"href":"https:\/\/www.europesays.com\/pt\/wp-json\/wp\/v2\/media\/184940"}],"wp:attachment":[{"href":"https:\/\/www.europesays.com\/pt\/wp-json\/wp\/v2\/media?parent=184939"}],"wp:term":[{"taxonomy":"category","embeddable":true,"href":"https:\/\/www.europesays.com\/pt\/wp-json\/wp\/v2\/categories?post=184939"},{"taxonomy":"post_tag","embeddable":true,"href":"https:\/\/www.europesays.com\/pt\/wp-json\/wp\/v2\/tags?post=184939"}],"curies":[{"name":"wp","href":"https:\/\/api.w.org\/{rel}","templated":true}]}}