{"id":184966,"date":"2025-12-12T03:54:13","date_gmt":"2025-12-12T03:54:13","guid":{"rendered":"https:\/\/www.europesays.com\/pt\/184966\/"},"modified":"2025-12-12T03:54:13","modified_gmt":"2025-12-12T03:54:13","slug":"noticias-nao-muito-boas-marido-de-isabel-veloso-atualiza-estado-de-saude-da-influenciadora","status":"publish","type":"post","link":"https:\/\/www.europesays.com\/pt\/184966\/","title":{"rendered":"&#8220;Not\u00edcias n\u00e3o muito boas&#8221;: Marido de Isabel Veloso atualiza estado de sa\u00fade da influenciadora"},"content":{"rendered":"<p>                            <img width=\"944\" height=\"531\" src=\"https:\/\/www.europesays.com\/pt\/wp-content\/uploads\/2025\/12\/isabel-veloso-944x531.jpg\" class=\"attachment-custom-large size-custom-large article-featured-image\" alt=\"Isabel Veloso est\u00e1 internada desde o final de novembro (Foto: Redes sociais, Reprodu\u00e7\u00e3o)\" fetchpriority=\"high\" decoding=\"async\"  \/><\/p>\n<p class=\"image-caption\">Isabel Veloso est\u00e1 internada desde o final de novembro (Foto: Redes sociais, Reprodu\u00e7\u00e3o)<\/p>\n<p>Lucas Borbas, marido de Isabel Veloso, atualizou o estado de sa\u00fade da influenciadora, que est\u00e1 internada na Unidade de Terapia Intensiva do Hospital Erasto Gaertner, em Curitiba, no Paran\u00e1, nesta quinta-feira (11). Em uma rede social, Lucas disse que recebeu \u201calgumas not\u00edcias n\u00e3o muito boas\u201d sobre a <a href=\"https:\/\/www.nsctotal.com.br\/noticias\/qual-o-quadro-de-saude-de-isabel-veloso-internada-na-uti-veja-as-ultimas-atualizacoes\" target=\"_blank\" rel=\"noreferrer noopener nofollow\"><strong>evolu\u00e7\u00e3o do quadro de sa\u00fade<\/strong><\/a> dela.<\/p>\n<p>Continua depois da publicidade<\/p>\n<p>Na postagem, ele afirmou, ainda, que por isso estaria indo de Cascavel, onde fica o apartamento da fam\u00edlia, para Curitiba. Entretanto, Lucas destacou que prefere n\u00e3o entrar em detalhes neste momento, mas pediu \u201cora\u00e7\u00e3o a todos que sempre nos acolheram com tanto carinho\u201d.<\/p>\n<p>\u201cAgrade\u00e7o, de verdade, a cada palavra que tem feito tanto por n\u00f3s, em sil\u00eancio, em ora\u00e7\u00e3o, em gestos, em palavras. Seguimos firmes, com f\u00e9, e acreditando que Deus est\u00e1 conosco em cada passo\u201d, escreveu o marido de Isabel Veloso.<\/p>\n<p>Qual o hist\u00f3rico de Isabel Veloso1<\/p>\n<p>VoltarAvan\u00e7ar<\/p>\n<p><img loading=\"lazy\" decoding=\"async\" width=\"1200\" height=\"675\" data-id=\"7252251\" src=\"https:\/\/www.europesays.com\/pt\/wp-content\/uploads\/2025\/12\/Entenda-o-caso-de-Isabel-Veloso-influenciadora-gravida-com-cancer-terminal-3.jpg\" alt=\"\" class=\"wp-image-7252251\"  \/><\/p>\n<p>Jovem \u00e9 diagnosticada com c\u00e2ncer desde os 15 anos, e aos 17 descobriu que a doen\u00e7a era incur\u00e1vel e interrompeu o tratamento (Foto: Redes sociais, Reprodu\u00e7\u00e3o)<\/p>\n<p><img loading=\"lazy\" decoding=\"async\" width=\"1200\" height=\"675\" data-id=\"7252254\" src=\"https:\/\/www.europesays.com\/pt\/wp-content\/uploads\/2025\/12\/1765511652_459_Entenda-o-caso-de-Isabel-Veloso-influenciadora-gravida-com-cancer-terminal-6.jpg\" alt=\"\" class=\"wp-image-7252254\"  \/><\/p>\n<p>Jovem tem um tipo de c\u00e2ncer no sangue com origem no sistema linf\u00e1tico (Foto: Redes sociais, Reprodu\u00e7\u00e3o)<\/p>\n<p><img loading=\"lazy\" decoding=\"async\" width=\"1200\" height=\"675\" data-id=\"7252250\" src=\"https:\/\/www.europesays.com\/pt\/wp-content\/uploads\/2025\/12\/1765511653_400_Entenda-o-caso-de-Isabel-Veloso-influenciadora-gravida-com-cancer-terminal-2.jpg\" alt=\"\" class=\"wp-image-7252250\"  \/><\/p>\n<p>Isabel \u00e9 casada desde abril do ano passado (Foto: Redes sociais, Reprodu\u00e7\u00e3o)<\/p>\n<p><img loading=\"lazy\" decoding=\"async\" width=\"1200\" height=\"675\" data-id=\"7252255\" src=\"https:\/\/www.europesays.com\/pt\/wp-content\/uploads\/2025\/12\/1765511653_49_Entenda-o-caso-de-Isabel-Veloso-influenciadora-gravida-com-cancer-terminal-1.jpg\" alt=\"\" class=\"wp-image-7252255\"  \/><\/p>\n<p>An\u00fancio da gravidez foi publicado nas redes sociais em agosto de 2024 (Foto: Redes sociais, Reprodu\u00e7\u00e3o)<\/p>\n<p><img loading=\"lazy\" decoding=\"async\" width=\"1920\" height=\"1080\" data-id=\"7509100\" src=\"https:\/\/www.europesays.com\/pt\/wp-content\/uploads\/2025\/12\/1765511653_493_Isabel-Veloso-1.jpg\" alt=\"\" class=\"wp-image-7509100\"  \/><\/p>\n<p>Isabel, filho e marido em 2025 (Foto: Redes sociais, Reprodu\u00e7\u00e3o)<\/p>\n<p>Qual \u00e9 a doen\u00e7a de Isabel Veloso<\/p>\n<p>Diagnosticada com linfoma de Hodgkin, Isabel Veloso usa as redes sociais para compartilhar detalhes do tratamento, desafios da doen\u00e7a e a maternidade.<\/p>\n<p>Continua depois da publicidade<\/p>\n<p>No final de 2024, Isabel deu \u00e0 luz\u00a0<a href=\"https:\/\/www.nsctotal.com.br\/noticias\/com-cancer-terminal-isabel-veloso-da-a-luz-a-arthur-primeiro-filho-com-lucas-borbas\" target=\"_blank\" rel=\"noreferrer noopener nofollow\"><strong>o primeiro filho, Arthur<\/strong><\/a>, fruto do relacionamento com o marido, Lucas Borbas. O parto precisou ser adiantado por conta do tratamento contra a doen\u00e7a.<\/p>\n<p>Em maio deste ano,\u00a0<a href=\"https:\/\/www.nsctotal.com.br\/noticias\/venci-isabel-veloso-influencer-em-estado-terminal-anuncia-a-remissao-do-cancer\" target=\"_blank\" rel=\"noreferrer noopener nofollow\"><strong>anunciou que a doen\u00e7a tinha entrado em remiss\u00e3o.<\/strong><\/a> Em outubro, ela passou pelo segundo transplante de medula \u00f3ssea, doada pelo pr\u00f3prio pai.<\/p>\n","protected":false},"excerpt":{"rendered":"Isabel Veloso est\u00e1 internada desde o final de novembro (Foto: Redes sociais, Reprodu\u00e7\u00e3o) Lucas Borbas, marido de Isabel&hellip;\n","protected":false},"author":2,"featured_media":171375,"comment_status":"","ping_status":"","sticky":false,"template":"","format":"standard","meta":{"footnotes":""},"categories":[145],"tags":[211,210,829,114,115,32,33],"class_list":{"0":"post-184966","1":"post","2":"type-post","3":"status-publish","4":"format-standard","5":"has-post-thumbnail","7":"category-celebridades","8":"tag-celebridades","9":"tag-celebrities","10":"tag-conteudo-liberado","11":"tag-entertainment","12":"tag-entretenimento","13":"tag-portugal","14":"tag-pt"},"share_on_mastodon":{"url":"https:\/\/pubeurope.com\/@pt\/115704579381873393","error":""},"_links":{"self":[{"href":"https:\/\/www.europesays.com\/pt\/wp-json\/wp\/v2\/posts\/184966","targetHints":{"allow":["GET"]}}],"collection":[{"href":"https:\/\/www.europesays.com\/pt\/wp-json\/wp\/v2\/posts"}],"about":[{"href":"https:\/\/www.europesays.com\/pt\/wp-json\/wp\/v2\/types\/post"}],"author":[{"embeddable":true,"href":"https:\/\/www.europesays.com\/pt\/wp-json\/wp\/v2\/users\/2"}],"replies":[{"embeddable":true,"href":"https:\/\/www.europesays.com\/pt\/wp-json\/wp\/v2\/comments?post=184966"}],"version-history":[{"count":0,"href":"https:\/\/www.europesays.com\/pt\/wp-json\/wp\/v2\/posts\/184966\/revisions"}],"wp:featuredmedia":[{"embeddable":true,"href":"https:\/\/www.europesays.com\/pt\/wp-json\/wp\/v2\/media\/171375"}],"wp:attachment":[{"href":"https:\/\/www.europesays.com\/pt\/wp-json\/wp\/v2\/media?parent=184966"}],"wp:term":[{"taxonomy":"category","embeddable":true,"href":"https:\/\/www.europesays.com\/pt\/wp-json\/wp\/v2\/categories?post=184966"},{"taxonomy":"post_tag","embeddable":true,"href":"https:\/\/www.europesays.com\/pt\/wp-json\/wp\/v2\/tags?post=184966"}],"curies":[{"name":"wp","href":"https:\/\/api.w.org\/{rel}","templated":true}]}}