{"id":184985,"date":"2025-12-12T04:45:20","date_gmt":"2025-12-12T04:45:20","guid":{"rendered":"https:\/\/www.europesays.com\/pt\/184985\/"},"modified":"2025-12-12T04:45:20","modified_gmt":"2025-12-12T04:45:20","slug":"uma-labareda-x5-1-provoca-apagoes-de-comunicacao-e-ameaca-causar-nova-tempestade-geomagnetica","status":"publish","type":"post","link":"https:\/\/www.europesays.com\/pt\/184985\/","title":{"rendered":"uma labareda X5.1 provoca apag\u00f5es de comunica\u00e7\u00e3o e amea\u00e7a causar nova tempestade geomagn\u00e9tica"},"content":{"rendered":"<p>O Sol voltou a demonstrar sua for\u00e7a com uma das labaredas mais intensas do ciclo atual, provocando alerta global entre centros meteorol\u00f3gicos espaciais. A erup\u00e7\u00e3o, classificada como X5.1, veio acompanhada <a href=\"https:\/\/www.gizmodo.com.br\/investir-na-terra-pode-render-trilhoes-por-ano-diz-geo-7-36736\" rel=\"nofollow noopener\" target=\"_blank\">de uma eje\u00e7\u00e3o de massa coronal que se dirige \u00e0 Terra.<\/a> Fen\u00f4menos assim t\u00eam potencial para causar interrup\u00e7\u00f5es em comunica\u00e7\u00f5es, redes el\u00e9tricas e sistemas de navega\u00e7\u00e3o, tornando-se um ponto cr\u00edtico de monitoramento para ag\u00eancias como a NASA e a NOAA.<\/p>\n<p> <b>O que \u00e9 uma labareda solar \u2014 e por que algumas s\u00e3o t\u00e3o perigosas<\/b> <\/p>\n<p>Labaredas solares s\u00e3o explos\u00f5es s\u00fabitas de radia\u00e7\u00e3o eletromagn\u00e9tica lan\u00e7adas a partir de regi\u00f5es altamente inst\u00e1veis da atmosfera solar, <a href=\"https:\/\/www.gizmodo.com.br\/pesquisadores-simulam-origem-de-estrelas-com-os-campos-magneticos-mais-intensos-do-universo-8202\" rel=\"nofollow noopener\" target=\"_blank\">onde campos magn\u00e9ticos se entrela\u00e7am<\/a> e se rompem com enorme viol\u00eancia.<\/p>\n<p>Essas explos\u00f5es liberam:<\/p>\n<ul>\n<li style=\"font-weight: 400\">radia\u00e7\u00e3o X; <\/li>\n<li style=\"font-weight: 400\">radia\u00e7\u00e3o ultravioleta extrema (EUV); <\/li>\n<li style=\"font-weight: 400\">part\u00edculas energ\u00e9ticas capazes de alterar o clima espacial. <\/li>\n<\/ul>\n<p>Frequentemente, uma labareda antecede um evento ainda mais extremo: a eje\u00e7\u00e3o de massa coronal (CME). Enquanto a radia\u00e7\u00e3o de uma labareda atinge a Terra em cerca de oito minutos \u2014 viajando \u00e0 velocidade da luz \u2014, <a href=\"https:\/\/www.gizmodo.com.br\/um-imperio-galactico-pode-estar-escondido-no-centro-da-via-lactea-e-uma-nova-hipotese-explica-por-que-nao-o-vemos-36514\" rel=\"nofollow noopener\" target=\"_blank\">as part\u00edculas da CME avan\u00e7am a velocidades menores<\/a>, mas carregam massas gigantes de plasma solar que podem deformar o campo magn\u00e9tico terrestre.<\/p>\n<p> <b>A erup\u00e7\u00e3o X5.1 que desencadeou o alerta global<\/b> <img loading=\"lazy\" decoding=\"async\" class=\"size-full wp-image-33545\" src=\"https:\/\/www.europesays.com\/pt\/wp-content\/uploads\/2025\/12\/Untitled-design-18-5.jpg\" alt=\"Astr\u00f4nomos alertam para gigantesco grupo de manchas solares que est\u00e1 causando problemas \u2014 e n\u00e3o ser\u00e1 o \u00fanico\" width=\"1500\" height=\"1000\"  \/>\u00a9 NASA Solar Dynamics Observatory (SDO) <\/p>\n<p>O alerta foi emitido ap\u00f3s uma labareda X5.1 acompanhada de uma eje\u00e7\u00e3o de massa coronal direcionada \u00e0 Terra. <a href=\"https:\/\/www.gizmodo.com.br\/pesquisadores-investigam-se-o-clima-pode-afetar-terremotos-e-a-resposta-intriga-36739\" rel=\"nofollow noopener\" target=\"_blank\">Segundo o Centro de Previs\u00e3o do Clima Espacial da NOAA<\/a> (SWPC), a erup\u00e7\u00e3o atingiu seu pico \u00e0s 00h01 EST (05h01 GMT) e partiu da regi\u00e3o ativa AR4298, que se aproxima do limbo oeste do Sol e ficar\u00e1 fora de vista nos pr\u00f3ximos dias.<\/p>\n<p>A NOAA prev\u00ea que a CME pode provocar amanh\u00e3 uma tempestade geomagn\u00e9tica de n\u00edvel G3, capaz de causar:<\/p>\n<ul>\n<li style=\"font-weight: 400\">interrup\u00e7\u00f5es de r\u00e1dio; <\/li>\n<li style=\"font-weight: 400\">perturba\u00e7\u00f5es em sat\u00e9lites e GPS; <\/li>\n<li style=\"font-weight: 400\">oscila\u00e7\u00f5es em redes el\u00e9tricas; <\/li>\n<li style=\"font-weight: 400\">desvios obrigat\u00f3rios em rotas a\u00e9reas polares. <\/li>\n<\/ul>\n<p> <b>Como tempestades solares afetam a Terra<\/b> <\/p>\n<p>Quando a radia\u00e7\u00e3o X e ultravioleta extrema alcan\u00e7a a Terra, ela ioniza as camadas superiores da atmosfera, interferindo diretamente nas ondas de r\u00e1dio de alta frequ\u00eancia. Isso provoca:<\/p>\n<ul>\n<li style=\"font-weight: 400\">apag\u00f5es tempor\u00e1rios em comunica\u00e7\u00f5es aeron\u00e1uticas; <\/li>\n<li style=\"font-weight: 400\">falhas em transmiss\u00f5es mar\u00edtimas; <\/li>\n<li style=\"font-weight: 400\">interrup\u00e7\u00f5es em sistemas de emerg\u00eancia; <\/li>\n<li style=\"font-weight: 400\">degrada\u00e7\u00e3o no sinal de navega\u00e7\u00e3o. <\/li>\n<\/ul>\n<p>J\u00e1 as eje\u00e7\u00f5es de massa coronal, ao interagir com a magnetosfera, podem desencadear auroras em latitudes mais baixas <a href=\"https:\/\/www.gizmodo.com.br\/um-novo-filme-de-star-trek-esta-a-caminho-e-quem-comanda-o-projeto-e-a-dupla-por-tras-de-dungeons-dragons-honor-among-thieves-33953\" rel=\"nofollow noopener\" target=\"_blank\">e perturbar sistemas el\u00e9tricos sens\u00edveis.<\/a><\/p>\n<p>Eventos desse tipo lembram epis\u00f3dios hist\u00f3ricos como a tempestade de Halloween de 2003 ou, em escala muito maior, o evento Carrington de 1859 \u2014 refer\u00eancia m\u00e1xima das tempestades solares extremas.<\/p>\n<p> <b>O que esperar nas pr\u00f3ximas horas<\/b> <\/p>\n<p>Com a chegada da CME prevista para hoje, cientistas monitoram em tempo real suas caracter\u00edsticas: velocidade, densidade e orienta\u00e7\u00e3o magn\u00e9tica. Se o campo magn\u00e9tico da CME se alinhar na dire\u00e7\u00e3o oposta ao da Terra, o acoplamento ser\u00e1 mais eficiente, aumentando o risco de tempestade severa.<\/p>\n<p>Servi\u00e7os de meteorologia espacial recomendam:<\/p>\n<ul>\n<li style=\"font-weight: 400\">aten\u00e7\u00e3o especial de empresas a\u00e9reas, principalmente em rotas polares; <\/li>\n<li style=\"font-weight: 400\">monitoramento cont\u00ednuo por operadoras de sat\u00e9lites; <\/li>\n<li style=\"font-weight: 400\">ajustes preventivos em redes el\u00e9tricas para evitar sobrecargas. <\/li>\n<\/ul>\n<p>A atividade solar continuar\u00e1 intensa at\u00e9 o pico do ciclo, previsto para 2025\u20132026. A erup\u00e7\u00e3o X5.1 \u00e9 mais um sinal de que <a href=\"https:\/\/www.gizmodo.com.br\/motor-inovador-da-kawasaki-mistura-gas-natural-e-hidrogenio-revolucao-sem-novas-infraestruturas-29454\" rel=\"nofollow noopener\" target=\"_blank\">o clima espacial seguir\u00e1 desempenhando papel central na prote\u00e7\u00e3o de infraestruturas<\/a> globais \u2014 e que entender o Sol nunca foi t\u00e3o urgente.<\/p>\n<p>\u00a0<\/p>\n<p>[ Fonte: <a href=\"https:\/\/www.diariouno.com.ar\/\" rel=\"nofollow noopener\" target=\"_blank\">Diario Uno<\/a> ]<\/p>\n<p>\u00a0<\/p>\n<p>\u00a0<\/p>\n<p>\u00a0<\/p>\n","protected":false},"excerpt":{"rendered":"O Sol voltou a demonstrar sua for\u00e7a com uma das labaredas mais intensas do ciclo atual, provocando alerta&hellip;\n","protected":false},"author":2,"featured_media":184986,"comment_status":"","ping_status":"","sticky":false,"template":"","format":"standard","meta":{"footnotes":""},"categories":[84],"tags":[109,107,108,32,33,105,103,104,106,110],"class_list":{"0":"post-184985","1":"post","2":"type-post","3":"status-publish","4":"format-standard","5":"has-post-thumbnail","7":"category-ciencia-e-tecnologia","8":"tag-ciencia","9":"tag-ciencia-e-tecnologia","10":"tag-cienciaetecnologia","11":"tag-portugal","12":"tag-pt","13":"tag-science","14":"tag-science-and-technology","15":"tag-scienceandtechnology","16":"tag-technology","17":"tag-tecnologia"},"share_on_mastodon":{"url":"https:\/\/pubeurope.com\/@pt\/115704779828192070","error":""},"_links":{"self":[{"href":"https:\/\/www.europesays.com\/pt\/wp-json\/wp\/v2\/posts\/184985","targetHints":{"allow":["GET"]}}],"collection":[{"href":"https:\/\/www.europesays.com\/pt\/wp-json\/wp\/v2\/posts"}],"about":[{"href":"https:\/\/www.europesays.com\/pt\/wp-json\/wp\/v2\/types\/post"}],"author":[{"embeddable":true,"href":"https:\/\/www.europesays.com\/pt\/wp-json\/wp\/v2\/users\/2"}],"replies":[{"embeddable":true,"href":"https:\/\/www.europesays.com\/pt\/wp-json\/wp\/v2\/comments?post=184985"}],"version-history":[{"count":0,"href":"https:\/\/www.europesays.com\/pt\/wp-json\/wp\/v2\/posts\/184985\/revisions"}],"wp:featuredmedia":[{"embeddable":true,"href":"https:\/\/www.europesays.com\/pt\/wp-json\/wp\/v2\/media\/184986"}],"wp:attachment":[{"href":"https:\/\/www.europesays.com\/pt\/wp-json\/wp\/v2\/media?parent=184985"}],"wp:term":[{"taxonomy":"category","embeddable":true,"href":"https:\/\/www.europesays.com\/pt\/wp-json\/wp\/v2\/categories?post=184985"},{"taxonomy":"post_tag","embeddable":true,"href":"https:\/\/www.europesays.com\/pt\/wp-json\/wp\/v2\/tags?post=184985"}],"curies":[{"name":"wp","href":"https:\/\/api.w.org\/{rel}","templated":true}]}}