{"id":184999,"date":"2025-12-12T05:02:22","date_gmt":"2025-12-12T05:02:22","guid":{"rendered":"https:\/\/www.europesays.com\/pt\/184999\/"},"modified":"2025-12-12T05:02:22","modified_gmt":"2025-12-12T05:02:22","slug":"recusou-resgate-alpinista-austriaco-acusado-de-homicidio-pela-morte-da-namorada","status":"publish","type":"post","link":"https:\/\/www.europesays.com\/pt\/184999\/","title":{"rendered":"Recusou resgate: alpinista austr\u00edaco acusado de homic\u00eddio pela morte da namorada"},"content":{"rendered":"<p data-remotead-prev-elm=\"true\" data-remotead-elm-id=\"inread\">De acordo com o jornal espanhol &#8220;El Pa\u00eds&#8221;, o casal subia rumo ao cume de 3799 metros de altitude em 18 de janeiro deste ano, quando Kerstin n\u00e3o resistiu \u00e0s altas temperaturas, acabou por morrer. Segundo a investiga\u00e7\u00e3o, a mulher, inexperiente em escalada, ter\u00e1 sido deixada &#8220;desprotegida, exausta e hipot\u00e9rmica&#8221;.<\/p>\n<p>Thomas e Kerstin partiram em dire\u00e7\u00e3o ao cume \u00e0s 6.45 horas e, pouco depois das 13 horas, estavam a menos de 250 metros do topo. Por\u00e9m, esta \u00e9 considerada o ponto mais dif\u00edcil da rota, o que ter\u00e1 atrasado o avan\u00e7o do casal. Com o cair da noite, as equipas de resgate viram as luzes emitidas pelas lanternas de ambos. Em declara\u00e7\u00f5es \u00e0s autoridades, Thomas Plamberber confirmou que recusou a remo\u00e7\u00e3o por um helic\u00f3ptero enviado para os retirar da encosta ap\u00f3s as 22 horas, altura em que as rajadas de vento chegavam a 70 km\/h, contribuindo para a sensa\u00e7\u00e3o t\u00e9rmica de -20\u00b0C.<\/p>\n<p>Durante o primeiro contacto com a equipa de resgate, o alpinista disse que os dois estavam bem, mas depois Kristen &#8220;apresentou sinais crescentes de exaust\u00e3o&#8221;.<\/p>\n<p data-remotead-prev-elm=\"true\" data-remotead-elm-id=\"centro1\">As autoridades tamb\u00e9m est\u00e3o a investigar o homem porque <strong>n\u00e3o respondeu \u00e0s mensagens e nem atendeu as chamadas dos servi\u00e7os de resgate<\/strong>, alegando que tinha o telem\u00f3vel em sil\u00eancio.<\/p>\n<p>Quando voltou a contactar a equipa, pelas 0.30 horas, <strong>j\u00e1 n\u00e3o havia condi\u00e7\u00f5es de retirada de helic\u00f3ptero. <\/strong>Segundo as autoridades, Thomas ficou com Kerstin at\u00e9 \u00e0s 2 horas, quando saiu para procurar outra pessoa que pudesse estar no trilho. Um novo pedido de ajuda foi feito \u00e0s 3.40 horas.<\/p>\n<p>Kerstin foi encontrada morta no dia seguinte, por volta das 10 horas, segundo jornal local &#8220;Kronen Zeitung&#8221;. A causa da morte foi hipotermia.<\/p>\n<p data-remotead-prev-elm=\"true\" data-remotead-elm-id=\"centro2\">Os procuradores acusam Thomas ignorou a inexperi\u00eancia da parceira. Por sua vez, o advogado do austr\u00edaco defende que a morte de Kerstin foi &#8220;um acidente tr\u00e1gico e fat\u00eddico&#8221;.<\/p>\n<p>Se condenado, o homem arrisca uma pena de at\u00e9 tr\u00eas anos de pris\u00e3o.<\/p>\n<p>O caso ser\u00e1 julgado no Tribunal Regional de Innsbruck a 19 de fevereiro de 2026.<\/p>\n","protected":false},"excerpt":{"rendered":"De acordo com o jornal espanhol &#8220;El Pa\u00eds&#8221;, o casal subia rumo ao cume de 3799 metros de&hellip;\n","protected":false},"author":2,"featured_media":185000,"comment_status":"","ping_status":"","sticky":false,"template":"","format":"standard","meta":{"footnotes":""},"categories":[50],"tags":[1146,27,28,15,16,14,5564,29066,25,26,21,22,62,31066,12,13,19,20,23,24,17,18,29,30,31,63,64,65],"class_list":{"0":"post-184999","1":"post","2":"type-post","3":"status-publish","4":"format-standard","5":"has-post-thumbnail","7":"category-mundo","8":"tag-austria","9":"tag-breaking-news","10":"tag-breakingnews","11":"tag-featured-news","12":"tag-featurednews","13":"tag-headlines","14":"tag-homicidio","15":"tag-homicidio-por-negligencia","16":"tag-latest-news","17":"tag-latestnews","18":"tag-main-news","19":"tag-mainnews","20":"tag-mundo","21":"tag-negligencia","22":"tag-news","23":"tag-noticias","24":"tag-noticias-principais","25":"tag-noticiasprincipais","26":"tag-principais-noticias","27":"tag-principaisnoticias","28":"tag-top-stories","29":"tag-topstories","30":"tag-ultimas","31":"tag-ultimas-noticias","32":"tag-ultimasnoticias","33":"tag-world","34":"tag-world-news","35":"tag-worldnews"},"share_on_mastodon":{"url":"https:\/\/pubeurope.com\/@pt\/115704846283967345","error":""},"_links":{"self":[{"href":"https:\/\/www.europesays.com\/pt\/wp-json\/wp\/v2\/posts\/184999","targetHints":{"allow":["GET"]}}],"collection":[{"href":"https:\/\/www.europesays.com\/pt\/wp-json\/wp\/v2\/posts"}],"about":[{"href":"https:\/\/www.europesays.com\/pt\/wp-json\/wp\/v2\/types\/post"}],"author":[{"embeddable":true,"href":"https:\/\/www.europesays.com\/pt\/wp-json\/wp\/v2\/users\/2"}],"replies":[{"embeddable":true,"href":"https:\/\/www.europesays.com\/pt\/wp-json\/wp\/v2\/comments?post=184999"}],"version-history":[{"count":0,"href":"https:\/\/www.europesays.com\/pt\/wp-json\/wp\/v2\/posts\/184999\/revisions"}],"wp:featuredmedia":[{"embeddable":true,"href":"https:\/\/www.europesays.com\/pt\/wp-json\/wp\/v2\/media\/185000"}],"wp:attachment":[{"href":"https:\/\/www.europesays.com\/pt\/wp-json\/wp\/v2\/media?parent=184999"}],"wp:term":[{"taxonomy":"category","embeddable":true,"href":"https:\/\/www.europesays.com\/pt\/wp-json\/wp\/v2\/categories?post=184999"},{"taxonomy":"post_tag","embeddable":true,"href":"https:\/\/www.europesays.com\/pt\/wp-json\/wp\/v2\/tags?post=184999"}],"curies":[{"name":"wp","href":"https:\/\/api.w.org\/{rel}","templated":true}]}}