{"id":185005,"date":"2025-12-12T05:11:16","date_gmt":"2025-12-12T05:11:16","guid":{"rendered":"https:\/\/www.europesays.com\/pt\/185005\/"},"modified":"2025-12-12T05:11:16","modified_gmt":"2025-12-12T05:11:16","slug":"video-nico-puxa-do-portugues-para-elogiar-a-vitoria-do-city-em-madrid","status":"publish","type":"post","link":"https:\/\/www.europesays.com\/pt\/185005\/","title":{"rendered":"V\u00cdDEO: Nico puxa do portugu\u00eas para elogiar a vit\u00f3ria do City em Madrid"},"content":{"rendered":"<p style=\"margin-bottom:11px\">Num portugu\u00eas fluente, o antigo m\u00e9dio do FC Porto, Nico Gonz\u00e1lez, elogiou a <a href=\"https:\/\/maisfutebol.iol.pt\/liga-campeoes\/manchester-city\/videos-manchester-city-vence-real-madrid-com-reviravolta-no-bernabeu\" target=\"_blank\" rel=\"nofollow noopener\">vit\u00f3ria importante alcan\u00e7ada pelo Manchester City na casa do Real Madrid (2-1)<\/a>, para a Liga dos Campe\u00f5es. \u00ab\u00c9 algo que poucas equipas conseguem fazer\u00bb, notou.<\/p>\n<p>Em conversa com um jornalista brasileiro da TNT Sports, que ficou surpreendido com a desenvoltura do internacional espanhol a falar em portugu\u00eas &#8211; \u00abjoguei no FC Porto\u00bb, assim a explicou o jogador -, Nico mostrou-se \u00abmuito feliz e cansado\u00bb ap\u00f3s um \u00abjogo muito importante\u00bb para o City.<\/p>\n<p>\u00abT\u00ednhamos perdido o \u00faltimo jogo na Champions e era importante (vencer em Madrid) para seguirmos nos oito primeiros (da fase regular). Na \u00faltima \u00e9poca, vimos que isso \u00e9 muito importante. Por isso, estamos muito felizes\u00bb, referiu o m\u00e9dio, de 23 anos.<\/p>\n<p>O Manchester City deu a volta ao Real Madrid, em pleno Bernab\u00e9u, venceu por 2-1 e ocupa a quarta posi\u00e7\u00e3o da tabela classificativa da <a href=\"https:\/\/maisfutebol.iol.pt\/resultadoseclassificacoes\/316\/109\/Europa\/Liga-dos-Campeoes\" target=\"_blank\" rel=\"nofollow noopener\">fase regular da Liga dos Campe\u00f5es<\/a>, com os mesmos 13 pontos de PSG e Atalanta. Quanto aos Merengues seguem no s\u00e9timo lugar, com 12 pontos.<\/p>\n<blockquote class=\"instagram-media\" data-instgrm-captioned=\"\" data-instgrm-permalink=\"https:\/\/www.instagram.com\/reel\/DSGhkHrjkwS\/?utm_source=ig_embed&amp;utm_campaign=loading\" data-instgrm-version=\"14\" style=\" background:#FFF; border:0; border-radius:3px; box-shadow:0 0 1px 0 rgba(0,0,0,0.5),0 1px 10px 0 rgba(0,0,0,0.15); margin: 1px; max-width:540px; min-width:326px; padding:0; width:99.375%; width:-webkit-calc(100% - 2px); width:calc(100% - 2px);\">\n<\/blockquote>\n<p>                                <script async src=\"\/\/www.instagram.com\/embed.js\"><\/script><\/p>\n","protected":false},"excerpt":{"rendered":"Num portugu\u00eas fluente, o antigo m\u00e9dio do FC Porto, Nico Gonz\u00e1lez, elogiou a vit\u00f3ria importante alcan\u00e7ada pelo Manchester&hellip;\n","protected":false},"author":2,"featured_media":185006,"comment_status":"","ping_status":"","sticky":false,"template":"","format":"standard","meta":{"footnotes":""},"categories":[87],"tags":[37651,135,282,7706,1003,1356,46,1382,10161,32,33,47,2007,134],"class_list":{"0":"post-185005","1":"post","2":"type-post","3":"status-publish","4":"format-standard","5":"has-post-thumbnail","7":"category-desporto","8":"tag-bernabeu","9":"tag-desporto","10":"tag-fc-porto","11":"tag-liga-campeoes","12":"tag-liga-dos-campeoes","13":"tag-mais-futebol","14":"tag-maisfutebol","15":"tag-manchester-city","16":"tag-nico-gonzalez","17":"tag-portugal","18":"tag-pt","19":"tag-pura-paixao","20":"tag-real-madrid","21":"tag-sports"},"share_on_mastodon":{"url":"https:\/\/pubeurope.com\/@pt\/115704881939266708","error":""},"_links":{"self":[{"href":"https:\/\/www.europesays.com\/pt\/wp-json\/wp\/v2\/posts\/185005","targetHints":{"allow":["GET"]}}],"collection":[{"href":"https:\/\/www.europesays.com\/pt\/wp-json\/wp\/v2\/posts"}],"about":[{"href":"https:\/\/www.europesays.com\/pt\/wp-json\/wp\/v2\/types\/post"}],"author":[{"embeddable":true,"href":"https:\/\/www.europesays.com\/pt\/wp-json\/wp\/v2\/users\/2"}],"replies":[{"embeddable":true,"href":"https:\/\/www.europesays.com\/pt\/wp-json\/wp\/v2\/comments?post=185005"}],"version-history":[{"count":0,"href":"https:\/\/www.europesays.com\/pt\/wp-json\/wp\/v2\/posts\/185005\/revisions"}],"wp:featuredmedia":[{"embeddable":true,"href":"https:\/\/www.europesays.com\/pt\/wp-json\/wp\/v2\/media\/185006"}],"wp:attachment":[{"href":"https:\/\/www.europesays.com\/pt\/wp-json\/wp\/v2\/media?parent=185005"}],"wp:term":[{"taxonomy":"category","embeddable":true,"href":"https:\/\/www.europesays.com\/pt\/wp-json\/wp\/v2\/categories?post=185005"},{"taxonomy":"post_tag","embeddable":true,"href":"https:\/\/www.europesays.com\/pt\/wp-json\/wp\/v2\/tags?post=185005"}],"curies":[{"name":"wp","href":"https:\/\/api.w.org\/{rel}","templated":true}]}}