{"id":185009,"date":"2025-12-12T05:16:35","date_gmt":"2025-12-12T05:16:35","guid":{"rendered":"https:\/\/www.europesays.com\/pt\/185009\/"},"modified":"2025-12-12T05:16:35","modified_gmt":"2025-12-12T05:16:35","slug":"ainda-estou-aqui-esperem-ate-eu-poder-votar-australia-aperta-proibicao-do-uso-de-redes-sociais","status":"publish","type":"post","link":"https:\/\/www.europesays.com\/pt\/185009\/","title":{"rendered":"\u201cAinda estou aqui, esperem at\u00e9 eu poder votar\u201d. Austr\u00e1lia aperta proibi\u00e7\u00e3o do uso de redes sociais"},"content":{"rendered":"<p>Albanese afirmou que a implementa\u00e7\u00e3o seria inevitavelmente irregular, mas que a medida acabaria por salvar vidas.<\/p>\n<p>\u2014 aprovada pelos principais partidos e apoiada por cerca de tr\u00eas quartos dos pais australianos \u2014<\/p>\n<p>\t                Um dia depois da proibi\u00e7\u00e3o, v\u00e1rios adolescentes vangloriaram-se de continuar nas plataformas<\/p>\n<p data-end=\"451\" data-start=\"107\">O primeiro-ministro australiano, Anthony Albanese, defendeu a nova proibi\u00e7\u00e3o do uso de redes sociais por menores de 16 anos, depois de v\u00e1rios adolescentes se terem vangloriado online de continuar nas plataformas.\u00a0<\/p>\n<p data-end=\"789\" data-start=\"453\">Um dia ap\u00f3s a entrada em vigor da lei, as redes sociais no pa\u00eds encheram-se de coment\u00e1rios de alegados menores de 16 anos. Num deles, publicado na conta de TikTok do primeiro-ministro, lia-se: \u201cAinda estou aqui, esperem at\u00e9 eu poder votar\u201d.<\/p>\n<p data-end=\"1394\" data-start=\"1139\">\u201cEsta \u00e9 a lei, n\u00e3o \u00e9 algo que possa ser ignorado. Alguns jovens que ainda n\u00e3o foram removidos das redes est\u00e3o a gabar-se disso. Isso apenas revela \u00e0s plataformas quem s\u00e3o, e essas contas ser\u00e3o eliminada\u201d, afirmou Albanese \u00e0 Sky News do grupo News Corp.<\/p>\n<p data-end=\"1394\" data-start=\"1139\">A nova legisla\u00e7\u00e3o obriga dez das maiores plataformas, incluindo TikTok, Instagram da Meta e YouTube da Alphabet, a bloquearem utilizadores menores ou a enfrentarem multas at\u00e9 49,5 milh\u00f5es de d\u00f3lares australianos (33 milh\u00f5es de d\u00f3lares). O governo j\u00e1 avisou que poder\u00e1 demorar algum tempo at\u00e9 que os servi\u00e7os implementem os mecanismos necess\u00e1rios.<\/p>\n<p data-end=\"3208\" data-start=\"2954\">Durante uma visita a uma escola em Canberra, Albanese afirmou que a proibi\u00e7\u00e3o resultar\u00e1 em melhores resultados escolares e comportamentos mais equilibrados, j\u00e1 que \u201ch\u00e1 melhor intera\u00e7\u00e3o social quando os alunos n\u00e3o est\u00e3o sempre agarrados aos dispositivos\u201d.<\/p>\n<p data-end=\"3615\" data-start=\"3210\">De acordo com a Reuters, as pesquisas por VPNs na Austr\u00e1lia atingiram o n\u00edvel mais alto em cerca de dez anos na semana anterior \u00e0 entrada em vigor da lei, segundo dados p\u00fablicos do Google. O fornecedor Windscribe disse \u00e0 Reuters que as instala\u00e7\u00f5es aumentaram 400% ap\u00f3s a entrada em vigor da proibi\u00e7\u00e3o. Outro servi\u00e7o gratuito, hide.me, registou um aumento de 65% de visitas no pa\u00eds, embora sem crescimento equivalente em downloads.<\/p>\n","protected":false},"excerpt":{"rendered":"Albanese afirmou que a implementa\u00e7\u00e3o seria inevitavelmente irregular, mas que a medida acabaria por salvar vidas. \u2014 aprovada&hellip;\n","protected":false},"author":2,"featured_media":185010,"comment_status":"","ping_status":"","sticky":false,"template":"","format":"standard","meta":{"footnotes":""},"categories":[50],"tags":[3273,609,611,2337,27,28,607,608,610,15,16,830,14,82,25,26,570,21,22,62,12,13,19,20,23,24,3813,548,839,17,18,840,29,30,31,63,64,65,3814],"class_list":{"0":"post-185009","1":"post","2":"type-post","3":"status-publish","4":"format-standard","5":"has-post-thumbnail","7":"category-mundo","8":"tag-adolescentes","9":"tag-alerta","10":"tag-ao-minuto","11":"tag-australia","12":"tag-breaking-news","13":"tag-breakingnews","14":"tag-cnn","15":"tag-cnn-portugal","16":"tag-direto","17":"tag-featured-news","18":"tag-featurednews","19":"tag-guerra","20":"tag-headlines","21":"tag-internacional","22":"tag-latest-news","23":"tag-latestnews","24":"tag-live","25":"tag-main-news","26":"tag-mainnews","27":"tag-mundo","28":"tag-news","29":"tag-noticias","30":"tag-noticias-principais","31":"tag-noticiasprincipais","32":"tag-principais-noticias","33":"tag-principaisnoticias","34":"tag-putin","35":"tag-redes-sociais","36":"tag-russia","37":"tag-top-stories","38":"tag-topstories","39":"tag-ucrania","40":"tag-ultimas","41":"tag-ultimas-noticias","42":"tag-ultimasnoticias","43":"tag-world","44":"tag-world-news","45":"tag-worldnews","46":"tag-zelensky"},"share_on_mastodon":{"url":"","error":"Validation failed: Text character limit of 500 exceeded"},"_links":{"self":[{"href":"https:\/\/www.europesays.com\/pt\/wp-json\/wp\/v2\/posts\/185009","targetHints":{"allow":["GET"]}}],"collection":[{"href":"https:\/\/www.europesays.com\/pt\/wp-json\/wp\/v2\/posts"}],"about":[{"href":"https:\/\/www.europesays.com\/pt\/wp-json\/wp\/v2\/types\/post"}],"author":[{"embeddable":true,"href":"https:\/\/www.europesays.com\/pt\/wp-json\/wp\/v2\/users\/2"}],"replies":[{"embeddable":true,"href":"https:\/\/www.europesays.com\/pt\/wp-json\/wp\/v2\/comments?post=185009"}],"version-history":[{"count":0,"href":"https:\/\/www.europesays.com\/pt\/wp-json\/wp\/v2\/posts\/185009\/revisions"}],"wp:featuredmedia":[{"embeddable":true,"href":"https:\/\/www.europesays.com\/pt\/wp-json\/wp\/v2\/media\/185010"}],"wp:attachment":[{"href":"https:\/\/www.europesays.com\/pt\/wp-json\/wp\/v2\/media?parent=185009"}],"wp:term":[{"taxonomy":"category","embeddable":true,"href":"https:\/\/www.europesays.com\/pt\/wp-json\/wp\/v2\/categories?post=185009"},{"taxonomy":"post_tag","embeddable":true,"href":"https:\/\/www.europesays.com\/pt\/wp-json\/wp\/v2\/tags?post=185009"}],"curies":[{"name":"wp","href":"https:\/\/api.w.org\/{rel}","templated":true}]}}